{"id":2474,"date":"2021-02-12T14:02:14","date_gmt":"2021-02-12T14:02:14","guid":{"rendered":"http:\/\/www.lodelmomentoloja.com\/?p=2474"},"modified":"2021-02-12T19:02:03","modified_gmt":"2021-02-12T19:02:03","slug":"fiscal-de-colombia-se-reune-con-fiscal-de-ecuador","status":"publish","type":"post","link":"https:\/\/www.lodelmomentoloja.com\/?p=2474","title":{"rendered":"Fiscal de Colombia se re\u00fane con fiscal de Ecuador"},"content":{"rendered":"<div class=\"kvgmc6g5 cxmmr5t8 oygrvhab hcukyx3x c1et5uql ii04i59q\">\n<div dir=\"auto\"><a class=\"oajrlxb2 g5ia77u1 qu0x051f esr5mh6w e9989ue4 r7d6kgcz rq0escxv nhd2j8a9 nc684nl6 p7hjln8o kvgmc6g5 cxmmr5t8 oygrvhab hcukyx3x jb3vyjys rz4wbd8a qt6c0cv9 a8nywdso i1ao9s8h esuyzwwr f1sip0of lzcic4wl q66pz984 gpro0wi8 b1v8xokw\" tabindex=\"0\" role=\"link\" href=\"https:\/\/www.facebook.com\/hashtag\/nacional?__eep__=6&amp;__cft__[0]=AZV0V5PmUMmAoqzrB9OVI2LP-n1K5z1aI9LV-qpwRiWDH3G4raxrk7PP9qHNdd6ijA2cYPyJFnuNYwMnP6BrOzrg-O7oFwFspQ23nh55Gz9kNK0CSIZDbUdqJq39BoWtAvKXUb_Qetcako4CdPgMgReeTXxao1e6_n_e-JkppGHLpg&amp;__tn__=*NK-R\">#Nacional<\/a> | Fiscal colombiano lleg\u00f3 a Ecuador por el supuesto aporte del ELN.<\/div>\n<div dir=\"auto\"><\/div>\n<\/div>\n<div class=\"o9v6fnle cxmmr5t8 oygrvhab hcukyx3x c1et5uql ii04i59q\">\n<div dir=\"auto\">El fiscal General de Colombia, Francisco Barbosa, lleg\u00f3 a Ecuador para reunirse con la fiscal Diana Salazar y entregarle el informe sobre los hallazgos que los investigadores hicieron en las computadoras del l\u00edder de la guerrilla del ELN, Andr\u00e9s Vanegas Londo\u00f1o, alias \u2018Uriel\u2019.<\/div>\n<div dir=\"auto\"><\/div>\n<\/div>\n<div class=\"o9v6fnle cxmmr5t8 oygrvhab hcukyx3x c1et5uql ii04i59q\">\n<div dir=\"auto\">Sobre los hallazgos en las computadoras, se dar\u00eda una respuesta ante la presunta colaboraci\u00f3n de los insurgentes a la campa\u00f1a electoral de Andr\u00e9s Arauz, como public\u00f3 la revista Semana.<\/div>\n<div dir=\"auto\"><\/div>\n<\/div>\n<div class=\"o9v6fnle cxmmr5t8 oygrvhab hcukyx3x c1et5uql ii04i59q\">\n<div dir=\"auto\">En la nota se se\u00f1ala que &#8220;La fiscal\u00eda colombiana encontrar\u00eda evidencia de que la campa\u00f1a de Andr\u00e9s Arauz habr\u00eda recibido del ELN un aporte de USD 80.000 en concepto de pr\u00e9stamo&#8221;.<\/div>\n<div dir=\"auto\"><\/div>\n<\/div>\n<div class=\"o9v6fnle cxmmr5t8 oygrvhab hcukyx3x c1et5uql ii04i59q\">\n<div dir=\"auto\">Sin embargo Arauz, que gan\u00f3 la primera vuelta electoral, ha calificado de \u201cnoticia falsa\u201d esa informaci\u00f3n, mientras que su mentor, Rafael Correa, ha acusado a la autoridad colombiana de \u201cquerer da\u00f1ar la segunda vuelta electoral\u201d.<\/div>\n<div dir=\"auto\"><\/div>\n<\/div>\n<div class=\"o9v6fnle cxmmr5t8 oygrvhab hcukyx3x c1et5uql ii04i59q\">\n<div dir=\"auto\">Fuente: Primicias.<\/div>\n<\/div>\n<div class=\"o9v6fnle cxmmr5t8 oygrvhab hcukyx3x c1et5uql ii04i59q\">\n<div dir=\"auto\"><a class=\"oajrlxb2 g5ia77u1 qu0x051f esr5mh6w e9989ue4 r7d6kgcz rq0escxv nhd2j8a9 nc684nl6 p7hjln8o kvgmc6g5 cxmmr5t8 oygrvhab hcukyx3x jb3vyjys rz4wbd8a qt6c0cv9 a8nywdso i1ao9s8h esuyzwwr f1sip0of lzcic4wl py34i1dx gpro0wi8\" tabindex=\"0\" role=\"link\" href=\"https:\/\/l.facebook.com\/l.php?u=http%3A%2F%2Fwww.lodelmomentoloja.com%2F%3Ffbclid%3DIwAR0NUc5NdA3kXTc-VIGtxxtq6y55TojUEwKtVOh-H0A7psSSM6HbgHjUqO4&amp;h=AT0pvjILDnoWuhAG16mtuJlEVDC51zUD6BlzjXx4CjbMcR9dcPm4kE3BKp5Gee-g3AlmV-y5YqJXExlCpmwNeDotfepHG7feuZ8GQ6CYw7GpkdRg_4QgaRxKIrTPDf00&amp;__tn__=-UK-R&amp;c[0]=AT28vs_p_gMFFiA-HVtVJ9c9IMrjkCxl11u38j_9v4JCb__JFxVMorFT6MIV9AMms2OMmxBOwJpcYmGhDeaWZBMpREFLlV6PzWfmBZ6R-iS26T-oIUFvlXEexE1Gqu8RUNcFTYn9CxhEEfDo2HzIRK07YCDkZ81GpKydlp56Dg6wVHn8qQI\" target=\"_blank\" rel=\"nofollow noopener\">www.lodelmomentoloja.com<\/a><\/div>\n<div dir=\"auto\"><a class=\"oajrlxb2 g5ia77u1 qu0x051f esr5mh6w e9989ue4 r7d6kgcz rq0escxv nhd2j8a9 nc684nl6 p7hjln8o kvgmc6g5 cxmmr5t8 oygrvhab hcukyx3x jb3vyjys rz4wbd8a qt6c0cv9 a8nywdso i1ao9s8h esuyzwwr f1sip0of lzcic4wl q66pz984 gpro0wi8 b1v8xokw\" tabindex=\"0\" role=\"link\" href=\"https:\/\/www.facebook.com\/hashtag\/ldmnoticias?__eep__=6&amp;__cft__[0]=AZV0V5PmUMmAoqzrB9OVI2LP-n1K5z1aI9LV-qpwRiWDH3G4raxrk7PP9qHNdd6ijA2cYPyJFnuNYwMnP6BrOzrg-O7oFwFspQ23nh55Gz9kNK0CSIZDbUdqJq39BoWtAvKXUb_Qetcako4CdPgMgReeTXxao1e6_n_e-JkppGHLpg&amp;__tn__=*NK-R\">#LDMnoticias<\/a> <a class=\"oajrlxb2 g5ia77u1 qu0x051f esr5mh6w e9989ue4 r7d6kgcz rq0escxv nhd2j8a9 nc684nl6 p7hjln8o kvgmc6g5 cxmmr5t8 oygrvhab hcukyx3x jb3vyjys rz4wbd8a qt6c0cv9 a8nywdso i1ao9s8h esuyzwwr f1sip0of lzcic4wl q66pz984 gpro0wi8 b1v8xokw\" tabindex=\"0\" role=\"link\" href=\"https:\/\/www.facebook.com\/hashtag\/lodelmomentolojaldm?__eep__=6&amp;__cft__[0]=AZV0V5PmUMmAoqzrB9OVI2LP-n1K5z1aI9LV-qpwRiWDH3G4raxrk7PP9qHNdd6ijA2cYPyJFnuNYwMnP6BrOzrg-O7oFwFspQ23nh55Gz9kNK0CSIZDbUdqJq39BoWtAvKXUb_Qetcako4CdPgMgReeTXxao1e6_n_e-JkppGHLpg&amp;__tn__=*NK-R\">#lodelmomentolojaLDM<\/a><\/div>\n<\/div>\n","protected":false},"excerpt":{"rendered":"<p>#Nacional | Fiscal colombiano lleg\u00f3 a Ecuador por el supuesto aporte del ELN. El fiscal&#8230;<\/p>\n","protected":false},"author":1,"featured_media":2475,"comment_status":"open","ping_status":"open","sticky":false,"template":"","format":"standard","meta":{"footnotes":""},"categories":[1],"tags":[],"class_list":["post-2474","post","type-post","status-publish","format-standard","has-post-thumbnail","hentry","category-inicio"],"_links":{"self":[{"href":"https:\/\/www.lodelmomentoloja.com\/index.php?rest_route=\/wp\/v2\/posts\/2474"}],"collection":[{"href":"https:\/\/www.lodelmomentoloja.com\/index.php?rest_route=\/wp\/v2\/posts"}],"about":[{"href":"https:\/\/www.lodelmomentoloja.com\/index.php?rest_route=\/wp\/v2\/types\/post"}],"author":[{"embeddable":true,"href":"https:\/\/www.lodelmomentoloja.com\/index.php?rest_route=\/wp\/v2\/users\/1"}],"replies":[{"embeddable":true,"href":"https:\/\/www.lodelmomentoloja.com\/index.php?rest_route=%2Fwp%2Fv2%2Fcomments&post=2474"}],"version-history":[{"count":1,"href":"https:\/\/www.lodelmomentoloja.com\/index.php?rest_route=\/wp\/v2\/posts\/2474\/revisions"}],"predecessor-version":[{"id":2476,"href":"https:\/\/www.lodelmomentoloja.com\/index.php?rest_route=\/wp\/v2\/posts\/2474\/revisions\/2476"}],"wp:featuredmedia":[{"embeddable":true,"href":"https:\/\/www.lodelmomentoloja.com\/index.php?rest_route=\/wp\/v2\/media\/2475"}],"wp:attachment":[{"href":"https:\/\/www.lodelmomentoloja.com\/index.php?rest_route=%2Fwp%2Fv2%2Fmedia&parent=2474"}],"wp:term":[{"taxonomy":"category","embeddable":true,"href":"https:\/\/www.lodelmomentoloja.com\/index.php?rest_route=%2Fwp%2Fv2%2Fcategories&post=2474"},{"taxonomy":"post_tag","embeddable":true,"href":"https:\/\/www.lodelmomentoloja.com\/index.php?rest_route=%2Fwp%2Fv2%2Ftags&post=2474"}],"curies":[{"name":"wp","href":"https:\/\/api.w.org\/{rel}","templated":true}]}}