{"id":2472,"date":"2021-02-12T12:30:18","date_gmt":"2021-02-12T12:30:18","guid":{"rendered":"http:\/\/www.lodelmomentoloja.com\/?p=2472"},"modified":"2021-02-12T17:41:21","modified_gmt":"2021-02-12T17:41:21","slug":"prensa-fue-retirada-del-pleno-del-cne","status":"publish","type":"post","link":"https:\/\/www.lodelmomentoloja.com\/?p=2472","title":{"rendered":"Prensa fue retirada del pleno del CNE"},"content":{"rendered":"<p>#Ecuador | Pleno del CNE solicit\u00f3 la salida de la prensa en el dialogo de P\u00e9rez y Lasso.<\/p>\n<p>Primero se escuch\u00f3 al candidato presidencial Yaku P\u00e9rez, el cual solicit\u00f3 la apertura de las urnas de cuatro provincias \u201cpara derrotar al corre\u00edsmo\u201d. Felicito a su contrincante Guillermo Lasso, al aceptar en honor a la democracia se abran las urnas.<\/p>\n<p>El candidato presidencial Guillermo Lasso, asegur\u00f3 que es el principal interesado en que se transparente los resultados porque eso significa \u201cel futuro del Ecuador\u201d. As\u00ed mismo, apoy\u00f3 la propuesta de P\u00e9rez, pero que se reaperturen las urnas dentro del marco legal para no trastocar el estado de derecho del pa\u00eds. Le record\u00f3 a su contrincante el apoyo en el 2017 a su candidatura presidencial.<\/p>\n<p>Despu\u00e9s de escuchar las declaraciones p\u00fablicas de los candidatos presidenciales. El Vocal Luis Verdesoto, solicit\u00f3 que se retire las c\u00e1maras de la sala del CNE con el respeto &#8220;a la libertad de prensa&#8221; para poder permitir &#8220;la fluidez de un acuerdo&#8221;. As\u00ed mismo, el Vocal Enrique Pita, mencion\u00f3 que jam\u00e1s se planific\u00f3 que &#8220;la prensa est\u00e9 presente&#8221;. En cambio la Vocal Estela Acero, dijo que respeta que la prensa presencie el di\u00e1logo.<\/p>\n<p>El candidato presidencial P\u00e9rez, se opuso a la decisi\u00f3n del Pleno &#8220;&#8230; porque le tenemos miedo a los medios, porque le tenemos miedo que el Ecuador pueda enterarse de este di\u00e1logo, sincero con transparencia que estamos buscando por bien de la democracia&#8221; Recalc\u00f3 y solicit\u00f3 que le expliquen en que art\u00edculo de la ley, proh\u00edbe que los medios de comunicaci\u00f3n no pueden estar presente en el di\u00e1logo.<\/p>\n<p>Sin embargo, la presidenta del CNE Diana Atamaint, pidi\u00f3 que los medios de comunicaci\u00f3n se retiren de la sala, sin responder en que ley se proh\u00edbe la censura de la prensa en el di\u00e1logo de los candidatos presidenciales, tan solo por decisi\u00f3n del Pleno del CNE. Luego de la reuni\u00f3n sin medios de comunicaci\u00f3n presentes se dar\u00e1 a conocer los resultados del acuerdo entre candidatos.<\/p>\n","protected":false},"excerpt":{"rendered":"<p>#Ecuador | Pleno del CNE solicit\u00f3 la salida de la prensa en el dialogo de&#8230;<\/p>\n","protected":false},"author":1,"featured_media":2470,"comment_status":"open","ping_status":"open","sticky":false,"template":"","format":"standard","meta":{"footnotes":""},"categories":[1],"tags":[],"class_list":["post-2472","post","type-post","status-publish","format-standard","has-post-thumbnail","hentry","category-inicio"],"_links":{"self":[{"href":"https:\/\/www.lodelmomentoloja.com\/index.php?rest_route=\/wp\/v2\/posts\/2472"}],"collection":[{"href":"https:\/\/www.lodelmomentoloja.com\/index.php?rest_route=\/wp\/v2\/posts"}],"about":[{"href":"https:\/\/www.lodelmomentoloja.com\/index.php?rest_route=\/wp\/v2\/types\/post"}],"author":[{"embeddable":true,"href":"https:\/\/www.lodelmomentoloja.com\/index.php?rest_route=\/wp\/v2\/users\/1"}],"replies":[{"embeddable":true,"href":"https:\/\/www.lodelmomentoloja.com\/index.php?rest_route=%2Fwp%2Fv2%2Fcomments&post=2472"}],"version-history":[{"count":1,"href":"https:\/\/www.lodelmomentoloja.com\/index.php?rest_route=\/wp\/v2\/posts\/2472\/revisions"}],"predecessor-version":[{"id":2473,"href":"https:\/\/www.lodelmomentoloja.com\/index.php?rest_route=\/wp\/v2\/posts\/2472\/revisions\/2473"}],"wp:featuredmedia":[{"embeddable":true,"href":"https:\/\/www.lodelmomentoloja.com\/index.php?rest_route=\/wp\/v2\/media\/2470"}],"wp:attachment":[{"href":"https:\/\/www.lodelmomentoloja.com\/index.php?rest_route=%2Fwp%2Fv2%2Fmedia&parent=2472"}],"wp:term":[{"taxonomy":"category","embeddable":true,"href":"https:\/\/www.lodelmomentoloja.com\/index.php?rest_route=%2Fwp%2Fv2%2Fcategories&post=2472"},{"taxonomy":"post_tag","embeddable":true,"href":"https:\/\/www.lodelmomentoloja.com\/index.php?rest_route=%2Fwp%2Fv2%2Ftags&post=2472"}],"curies":[{"name":"wp","href":"https:\/\/api.w.org\/{rel}","templated":true}]}}