{"id":24716,"date":"2025-02-12T11:22:15","date_gmt":"2025-02-12T11:22:15","guid":{"rendered":"https:\/\/www.lodelmomentoloja.com\/?p=24716"},"modified":"2025-02-12T16:24:17","modified_gmt":"2025-02-12T16:24:17","slug":"exautoridades-lojanas-no-tuvieron-el-apoyo-en-el-proceso-electoral-2025","status":"publish","type":"post","link":"https:\/\/www.lodelmomentoloja.com\/?p=24716","title":{"rendered":"Exautoridades lojanas no tuvieron el apoyo en el proceso electoral 2025"},"content":{"rendered":"<p>\ud83d\udcc9\ud83d\udc4b\ud83c\udffb\ud83d\ude09 \u00a1Y cada d\u00eda bajan! Las elecciones generales tuvieron grandes sorpresas y hasta derrotas, en esta ocasi\u00f3n, vemos el caso de Jos\u00e9 Bol\u00edvar Castillo exalcalde de Loja y Rafael D\u00e1vila ex prefecto de Loja, ambos obtuvieron buenos resultados poco alentadores pesar de los a\u00f1os en la funci\u00f3n p\u00fablica, ya que al igual que otras figuras, sucumbieron ante este proceso electoral 2025.<\/p>\n<p>En el caso del Chato Castillo, desde la revocatoria del mandato en el 2017 no se ha podido levantar, luego de ese acontecimiento, particip\u00f3 en los \u00faltimos 4 procesos electorales en los que particip\u00f3 con el Movimiento ARE, sin alianzas por su radicalismo en pol\u00edtica: En el 2019 como aspirante a la Alcald\u00eda de Loja obteniendo el 3er lugar con 18.491 votos; lo volvi\u00f3 a intentar para ser asamble\u00edsta en 2023 y tuvo el apoyo con 19,939 votos; otra vez insisti\u00f3 en la Alcald\u00eda de Loja en el 2024 llegado al segundo lugar con 21.859 votos y finalmente, intentando tener una curul en esta edici\u00f3n 2025 con 16.953 voluntades, pero bajando a lo que ven\u00eda obteniendo.<\/p>\n<p>En el caso de Rafael D\u00e1vila, que ha sido una figura cercana a los gobernantes de turno y hasta lograr tener gran parte de la funci\u00f3n p\u00fablica, no le fueron suficientes para por lo menos sostener algo de la votaci\u00f3n que ten\u00eda con alianzas y sus movimientos pol\u00edticos en Loja: en 2019, gan\u00f3 la reelecci\u00f3n en la Prefectura de Loja con 86,180 votos de la mano de CREO; luego, abandon\u00f3 su movimiento por m\u00e1s de una d\u00e9cada para intentarlo con Avanza y SUMA, que pese a tener todo el respaldo de su sucesor en la Prefectura y hasta el Gobierno del expresidente Lasso, lleg\u00f3, pero con una baja en ca\u00edda libre, llegando en el \u00faltimo puesto de los cupos para la asamblea por Loja con 30.650 votos; y este \u00faltimo proceso, que se vio frustrado por no contar con un presidencial que lo ayude bajo el famoso arrastre se vieron truncados, puesto que solo depend\u00eda de su figura y ah\u00ed, la baja aceptaci\u00f3n bajo hasta la mitad con 14.410 votos.<\/p>\n<p><img loading=\"lazy\" decoding=\"async\" class=\"alignnone size-medium wp-image-24717\" src=\"http:\/\/www.lodelmomentoloja.com\/wp-content\/uploads\/2025\/02\/WhatsApp-Image-2025-02-12-at-10.34.24-AM-1-266x300.jpeg\" alt=\"\" width=\"266\" height=\"300\" srcset=\"https:\/\/www.lodelmomentoloja.com\/wp-content\/uploads\/2025\/02\/WhatsApp-Image-2025-02-12-at-10.34.24-AM-1-266x300.jpeg 266w, https:\/\/www.lodelmomentoloja.com\/wp-content\/uploads\/2025\/02\/WhatsApp-Image-2025-02-12-at-10.34.24-AM-1-906x1024.jpeg 906w, https:\/\/www.lodelmomentoloja.com\/wp-content\/uploads\/2025\/02\/WhatsApp-Image-2025-02-12-at-10.34.24-AM-1-768x868.jpeg 768w, https:\/\/www.lodelmomentoloja.com\/wp-content\/uploads\/2025\/02\/WhatsApp-Image-2025-02-12-at-10.34.24-AM-1-640x723.jpeg 640w, https:\/\/www.lodelmomentoloja.com\/wp-content\/uploads\/2025\/02\/WhatsApp-Image-2025-02-12-at-10.34.24-AM-1-1359x1536.jpeg 1359w, https:\/\/www.lodelmomentoloja.com\/wp-content\/uploads\/2025\/02\/WhatsApp-Image-2025-02-12-at-10.34.24-AM-1-1024x1157.jpeg 1024w, https:\/\/www.lodelmomentoloja.com\/wp-content\/uploads\/2025\/02\/WhatsApp-Image-2025-02-12-at-10.34.24-AM-1.jpeg 1416w\" sizes=\"(max-width: 266px) 100vw, 266px\" \/><\/p>\n<p>Finalmente, Loja opt\u00f3 por otras tiendas pol\u00edticas y, en ese sentido, todas sus figuras con contadas participaciones y otros nuevos en la arena pol\u00edtica, ante esto, \u00bfSer\u00e1 el fin de una \u00e9poca de m\u00e1s de 20 y 30 a\u00f1os?<\/p>\n<p>\ud83c\udf10\u2705 S\u00edguenos en nuestra p\u00e1gina verificada: https:\/\/www.facebook.com\/lodelmomentolojaEC<\/p>\n<p>www.lodelmomentoloja.com<br \/>\n#LDMnoticias #lodelmomentolojaLDM<\/p>\n","protected":false},"excerpt":{"rendered":"<p>\ud83d\udcc9\ud83d\udc4b\ud83c\udffb\ud83d\ude09 \u00a1Y cada d\u00eda bajan! Las elecciones generales tuvieron grandes sorpresas y hasta derrotas, en&#8230;<\/p>\n","protected":false},"author":1,"featured_media":24718,"comment_status":"open","ping_status":"open","sticky":false,"template":"","format":"standard","meta":{"footnotes":""},"categories":[7,1,5],"tags":[],"class_list":["post-24716","post","type-post","status-publish","format-standard","has-post-thumbnail","hentry","category-ecuador","category-inicio","category-loja"],"_links":{"self":[{"href":"https:\/\/www.lodelmomentoloja.com\/index.php?rest_route=\/wp\/v2\/posts\/24716"}],"collection":[{"href":"https:\/\/www.lodelmomentoloja.com\/index.php?rest_route=\/wp\/v2\/posts"}],"about":[{"href":"https:\/\/www.lodelmomentoloja.com\/index.php?rest_route=\/wp\/v2\/types\/post"}],"author":[{"embeddable":true,"href":"https:\/\/www.lodelmomentoloja.com\/index.php?rest_route=\/wp\/v2\/users\/1"}],"replies":[{"embeddable":true,"href":"https:\/\/www.lodelmomentoloja.com\/index.php?rest_route=%2Fwp%2Fv2%2Fcomments&post=24716"}],"version-history":[{"count":1,"href":"https:\/\/www.lodelmomentoloja.com\/index.php?rest_route=\/wp\/v2\/posts\/24716\/revisions"}],"predecessor-version":[{"id":24719,"href":"https:\/\/www.lodelmomentoloja.com\/index.php?rest_route=\/wp\/v2\/posts\/24716\/revisions\/24719"}],"wp:featuredmedia":[{"embeddable":true,"href":"https:\/\/www.lodelmomentoloja.com\/index.php?rest_route=\/wp\/v2\/media\/24718"}],"wp:attachment":[{"href":"https:\/\/www.lodelmomentoloja.com\/index.php?rest_route=%2Fwp%2Fv2%2Fmedia&parent=24716"}],"wp:term":[{"taxonomy":"category","embeddable":true,"href":"https:\/\/www.lodelmomentoloja.com\/index.php?rest_route=%2Fwp%2Fv2%2Fcategories&post=24716"},{"taxonomy":"post_tag","embeddable":true,"href":"https:\/\/www.lodelmomentoloja.com\/index.php?rest_route=%2Fwp%2Fv2%2Ftags&post=24716"}],"curies":[{"name":"wp","href":"https:\/\/api.w.org\/{rel}","templated":true}]}}