{"id":24682,"date":"2025-02-10T12:54:58","date_gmt":"2025-02-10T12:54:58","guid":{"rendered":"https:\/\/www.lodelmomentoloja.com\/?p=24682"},"modified":"2025-02-10T18:58:16","modified_gmt":"2025-02-10T18:58:16","slug":"loja-dice-adios-a-la-vieja-politica","status":"publish","type":"post","link":"https:\/\/www.lodelmomentoloja.com\/?p=24682","title":{"rendered":"LOJA DICE ADI\u00d3S A LA VIEJA POL\u00cdTICA"},"content":{"rendered":"<p>\ud83d\uddf3\ufe0f\ud83d\udeab\ud83d\udc40 \u00a1No m\u00e1s pol\u00edticos antiguos! Luego de las elecciones generales realizadas este 09 de febrero del 2025, la provincia de Loja eligi\u00f3 a sus nuevos representantes para la Asamblea Nacional, destacando entre ellos 2 de ADN y 2 de RC, por otro lado, el candidato por Sociedad Unida M\u00e1s Acci\u00f3n (SUMA), qui\u00e9n tambi\u00e9n buscaba un curul en el parlamento no logr\u00f3 recibir el respaldo que esperaba, teniendo tan solo un 5,63% de aceptaci\u00f3n, es decir 13.287 votos a favor, esto con cierre de 11h35 am de este 10 de febrero con un total de 92,61% actas escrutadas, casi dejando fuera de la contienda pol\u00edtica para las pr\u00f3ximas elecciones futuras.<\/p>\n<p>\ud83c\udf10\ud83d\udc49\ud83c\udffb S\u00edguenos en la web lodelmomentoloja.com<br \/>\n#LDMnoticias #lodelmomentolojaLDM<\/p>\n","protected":false},"excerpt":{"rendered":"<p>\ud83d\uddf3\ufe0f\ud83d\udeab\ud83d\udc40 \u00a1No m\u00e1s pol\u00edticos antiguos! Luego de las elecciones generales realizadas este 09 de febrero&#8230;<\/p>\n","protected":false},"author":1,"featured_media":24683,"comment_status":"open","ping_status":"open","sticky":false,"template":"","format":"standard","meta":{"footnotes":""},"categories":[7,1,5],"tags":[],"class_list":["post-24682","post","type-post","status-publish","format-standard","has-post-thumbnail","hentry","category-ecuador","category-inicio","category-loja"],"_links":{"self":[{"href":"https:\/\/www.lodelmomentoloja.com\/index.php?rest_route=\/wp\/v2\/posts\/24682"}],"collection":[{"href":"https:\/\/www.lodelmomentoloja.com\/index.php?rest_route=\/wp\/v2\/posts"}],"about":[{"href":"https:\/\/www.lodelmomentoloja.com\/index.php?rest_route=\/wp\/v2\/types\/post"}],"author":[{"embeddable":true,"href":"https:\/\/www.lodelmomentoloja.com\/index.php?rest_route=\/wp\/v2\/users\/1"}],"replies":[{"embeddable":true,"href":"https:\/\/www.lodelmomentoloja.com\/index.php?rest_route=%2Fwp%2Fv2%2Fcomments&post=24682"}],"version-history":[{"count":1,"href":"https:\/\/www.lodelmomentoloja.com\/index.php?rest_route=\/wp\/v2\/posts\/24682\/revisions"}],"predecessor-version":[{"id":24684,"href":"https:\/\/www.lodelmomentoloja.com\/index.php?rest_route=\/wp\/v2\/posts\/24682\/revisions\/24684"}],"wp:featuredmedia":[{"embeddable":true,"href":"https:\/\/www.lodelmomentoloja.com\/index.php?rest_route=\/wp\/v2\/media\/24683"}],"wp:attachment":[{"href":"https:\/\/www.lodelmomentoloja.com\/index.php?rest_route=%2Fwp%2Fv2%2Fmedia&parent=24682"}],"wp:term":[{"taxonomy":"category","embeddable":true,"href":"https:\/\/www.lodelmomentoloja.com\/index.php?rest_route=%2Fwp%2Fv2%2Fcategories&post=24682"},{"taxonomy":"post_tag","embeddable":true,"href":"https:\/\/www.lodelmomentoloja.com\/index.php?rest_route=%2Fwp%2Fv2%2Ftags&post=24682"}],"curies":[{"name":"wp","href":"https:\/\/api.w.org\/{rel}","templated":true}]}}