{"id":2466,"date":"2021-02-12T11:18:01","date_gmt":"2021-02-12T11:18:01","guid":{"rendered":"http:\/\/www.lodelmomentoloja.com\/?p=2466"},"modified":"2021-02-12T16:21:13","modified_gmt":"2021-02-12T16:21:13","slug":"yaku-presenta-demanda-ante-la-corte-constitucional","status":"publish","type":"post","link":"https:\/\/www.lodelmomentoloja.com\/?p=2466","title":{"rendered":"Yaku presenta demanda ante la Corte Constitucional."},"content":{"rendered":"<p>#Ecuador | Yaku presenta demanda ante la Corte Constitucional.<\/p>\n<p>Esta ma\u00f1ana antes de la reuni\u00f3n pactada con su contrincante Guillermo Lasso, Yaku Per\u00e9z, candidato presidencial por Pachakutik, presento una demanda de medidas cautelares ante la Corte Constitucional porque se habr\u00eda violentado la transparencia de los resultados de las pasadas elecciones del 7 de febrero de 2021. \u201cSi el candidato Lasso, est\u00e1 de acuerdo en transparentar, \u00e9l deber\u00eda sumarse a nuestro pedido de reapertura de las urnas, no solo por el paquete electoral (\u2026) Las inconsistencias son del 15%.<\/p>\n<p>Deben abrirse las urnas no solamente en siete provincias, sino en todo el pa\u00eds.\u201d Recalc\u00f3 el candidato presidencial. A la Corte asisti\u00f3 acompa\u00f1ado de simpatizantes del Movimiento Pachakutik.<\/p>\n","protected":false},"excerpt":{"rendered":"<p>#Ecuador | Yaku presenta demanda ante la Corte Constitucional. Esta ma\u00f1ana antes de la reuni\u00f3n&#8230;<\/p>\n","protected":false},"author":1,"featured_media":2467,"comment_status":"open","ping_status":"open","sticky":false,"template":"","format":"standard","meta":{"footnotes":""},"categories":[1],"tags":[],"class_list":["post-2466","post","type-post","status-publish","format-standard","has-post-thumbnail","hentry","category-inicio"],"_links":{"self":[{"href":"https:\/\/www.lodelmomentoloja.com\/index.php?rest_route=\/wp\/v2\/posts\/2466"}],"collection":[{"href":"https:\/\/www.lodelmomentoloja.com\/index.php?rest_route=\/wp\/v2\/posts"}],"about":[{"href":"https:\/\/www.lodelmomentoloja.com\/index.php?rest_route=\/wp\/v2\/types\/post"}],"author":[{"embeddable":true,"href":"https:\/\/www.lodelmomentoloja.com\/index.php?rest_route=\/wp\/v2\/users\/1"}],"replies":[{"embeddable":true,"href":"https:\/\/www.lodelmomentoloja.com\/index.php?rest_route=%2Fwp%2Fv2%2Fcomments&post=2466"}],"version-history":[{"count":1,"href":"https:\/\/www.lodelmomentoloja.com\/index.php?rest_route=\/wp\/v2\/posts\/2466\/revisions"}],"predecessor-version":[{"id":2468,"href":"https:\/\/www.lodelmomentoloja.com\/index.php?rest_route=\/wp\/v2\/posts\/2466\/revisions\/2468"}],"wp:featuredmedia":[{"embeddable":true,"href":"https:\/\/www.lodelmomentoloja.com\/index.php?rest_route=\/wp\/v2\/media\/2467"}],"wp:attachment":[{"href":"https:\/\/www.lodelmomentoloja.com\/index.php?rest_route=%2Fwp%2Fv2%2Fmedia&parent=2466"}],"wp:term":[{"taxonomy":"category","embeddable":true,"href":"https:\/\/www.lodelmomentoloja.com\/index.php?rest_route=%2Fwp%2Fv2%2Fcategories&post=2466"},{"taxonomy":"post_tag","embeddable":true,"href":"https:\/\/www.lodelmomentoloja.com\/index.php?rest_route=%2Fwp%2Fv2%2Ftags&post=2466"}],"curies":[{"name":"wp","href":"https:\/\/api.w.org\/{rel}","templated":true}]}}