{"id":24635,"date":"2025-02-05T15:41:27","date_gmt":"2025-02-05T15:41:27","guid":{"rendered":"https:\/\/www.lodelmomentoloja.com\/?p=24635"},"modified":"2025-02-05T20:42:23","modified_gmt":"2025-02-05T20:42:23","slug":"javier-milei-ordena-retirar-a-argentina-de-la-oms","status":"publish","type":"post","link":"https:\/\/www.lodelmomentoloja.com\/?p=24635","title":{"rendered":"Javier Milei ordena retirar a Argentina de la OMS"},"content":{"rendered":"<p>\ud83d\ude31\ud83c\udde6\ud83c\uddf7\u2695\ufe0f\u00a1No va m\u00e1s! El presidente Javier Milei, orden\u00f3 el retiro de Argentina de la Organizaci\u00f3n Mundial de la Salud (OMS), seg\u00fan inform\u00f3 este mi\u00e9rcoles 5 de febrero de 2025, el vocero Manuel Adorni. La medida est\u00e1 en sinton\u00eda con la decisi\u00f3n anunciada por el presidente de Estados Unidos Donald Trump hace unas semanas.<\/p>\n<p>La salida del organismo incluye la necesidad de replantear acuerdos clave como la compra de insumos o la participaci\u00f3n nacional en consorcios internacionales para la adquisici\u00f3n de vacunas o medicamentos, actualmente legitimados por la OMS a nivel global y por la Organizaci\u00f3n Panamericana de la Salud (OPS) en el \u00e1mbito regional.<\/p>\n<p>V\u00eda: Radio Din\u00e1mica Ec.<br \/>\n\ud83c\udf10\ud83d\udc49\ud83c\udffb S\u00edguenos en la web lodelmomentoloja.com<br \/>\n#LDMnoticias #lodelmomentolojaLDM<\/p>\n","protected":false},"excerpt":{"rendered":"<p>\ud83d\ude31\ud83c\udde6\ud83c\uddf7\u2695\ufe0f\u00a1No va m\u00e1s! El presidente Javier Milei, orden\u00f3 el retiro de Argentina de la Organizaci\u00f3n&#8230;<\/p>\n","protected":false},"author":1,"featured_media":24636,"comment_status":"open","ping_status":"open","sticky":false,"template":"","format":"standard","meta":{"footnotes":""},"categories":[7,1,4],"tags":[],"class_list":["post-24635","post","type-post","status-publish","format-standard","has-post-thumbnail","hentry","category-ecuador","category-inicio","category-internacional"],"_links":{"self":[{"href":"https:\/\/www.lodelmomentoloja.com\/index.php?rest_route=\/wp\/v2\/posts\/24635"}],"collection":[{"href":"https:\/\/www.lodelmomentoloja.com\/index.php?rest_route=\/wp\/v2\/posts"}],"about":[{"href":"https:\/\/www.lodelmomentoloja.com\/index.php?rest_route=\/wp\/v2\/types\/post"}],"author":[{"embeddable":true,"href":"https:\/\/www.lodelmomentoloja.com\/index.php?rest_route=\/wp\/v2\/users\/1"}],"replies":[{"embeddable":true,"href":"https:\/\/www.lodelmomentoloja.com\/index.php?rest_route=%2Fwp%2Fv2%2Fcomments&post=24635"}],"version-history":[{"count":1,"href":"https:\/\/www.lodelmomentoloja.com\/index.php?rest_route=\/wp\/v2\/posts\/24635\/revisions"}],"predecessor-version":[{"id":24637,"href":"https:\/\/www.lodelmomentoloja.com\/index.php?rest_route=\/wp\/v2\/posts\/24635\/revisions\/24637"}],"wp:featuredmedia":[{"embeddable":true,"href":"https:\/\/www.lodelmomentoloja.com\/index.php?rest_route=\/wp\/v2\/media\/24636"}],"wp:attachment":[{"href":"https:\/\/www.lodelmomentoloja.com\/index.php?rest_route=%2Fwp%2Fv2%2Fmedia&parent=24635"}],"wp:term":[{"taxonomy":"category","embeddable":true,"href":"https:\/\/www.lodelmomentoloja.com\/index.php?rest_route=%2Fwp%2Fv2%2Fcategories&post=24635"},{"taxonomy":"post_tag","embeddable":true,"href":"https:\/\/www.lodelmomentoloja.com\/index.php?rest_route=%2Fwp%2Fv2%2Ftags&post=24635"}],"curies":[{"name":"wp","href":"https:\/\/api.w.org\/{rel}","templated":true}]}}