{"id":2462,"date":"2021-02-12T10:56:41","date_gmt":"2021-02-12T10:56:41","guid":{"rendered":"http:\/\/www.lodelmomentoloja.com\/?p=2462"},"modified":"2021-02-12T15:56:47","modified_gmt":"2021-02-12T15:56:47","slug":"primer-lote-de-vacunas-no-cubrio-lo-esperado","status":"publish","type":"post","link":"https:\/\/www.lodelmomentoloja.com\/?p=2462","title":{"rendered":"Primer lote de vacunas no cubri\u00f3 lo esperado."},"content":{"rendered":"<div class=\"kvgmc6g5 cxmmr5t8 oygrvhab hcukyx3x c1et5uql ii04i59q\">\n<div dir=\"auto\"><a class=\"oajrlxb2 g5ia77u1 qu0x051f esr5mh6w e9989ue4 r7d6kgcz rq0escxv nhd2j8a9 nc684nl6 p7hjln8o kvgmc6g5 cxmmr5t8 oygrvhab hcukyx3x jb3vyjys rz4wbd8a qt6c0cv9 a8nywdso i1ao9s8h esuyzwwr f1sip0of lzcic4wl q66pz984 gpro0wi8 b1v8xokw\" tabindex=\"0\" role=\"link\" href=\"https:\/\/www.facebook.com\/hashtag\/ecuador?__eep__=6&amp;__cft__[0]=AZVT5Y0qg74M2BRyxhYK6IKBkLbqG6lwXEDHreJC3uTjWjzMEYFJQlaA1G2EsbEGu7jEp-ppGMl-Tn_aTf8xYxEKMiV_F-cZ_76cnaO-oGSuQ_f4w4gH3L0NL3XyMjHrCt2kHsjRNWKfrjiAvE1d1UsXqeJmsoPfsj76EV_rE_KWgs_iM5WDL6fjEhwtSoyooVs&amp;__tn__=*NK-R\">#Ecuador<\/a> | Primer lote de vacunas no cubri\u00f3 lo esperado.<\/div>\n<div dir=\"auto\"><\/div>\n<\/div>\n<div class=\"o9v6fnle cxmmr5t8 oygrvhab hcukyx3x c1et5uql ii04i59q\">\n<div dir=\"auto\">El Ministerio de Salud no logr\u00f3 cumplir con la fase cero con el primer cargamento de vacunas. El Gobierno espera que la pr\u00f3xima semana arribe un nuevo cargamento de Pfizer-BioNTech para concluir con la segunda dosis de vacunaci\u00f3n dentro del plan piloto.<\/div>\n<\/div>\n<div class=\"o9v6fnle cxmmr5t8 oygrvhab hcukyx3x c1et5uql ii04i59q\">\n<div dir=\"auto\">Las primeras 8.190 dosis de vacunas en contra del coronavirus se habr\u00edan terminado ayer con la aplicaci\u00f3n de la segunda dosis en Guayaquil y Quito, dentro del plan piloto.<\/div>\n<div dir=\"auto\"><\/div>\n<div dir=\"auto\">Las dosis se las administrado al personal de primera l\u00ednea que combate la pandemia de COVID-19 en los hospitales, a adultos mayores que viven en centros geri\u00e1tricos y quienes cuidan de los mismos y a las personas con discapacidad, seg\u00fan el plan implementado.<\/div>\n<div dir=\"auto\"><\/div>\n<\/div>\n<div class=\"o9v6fnle cxmmr5t8 oygrvhab hcukyx3x c1et5uql ii04i59q\">\n<div dir=\"auto\">Mediante un comunicado, el Ministerio de Salud P\u00fablica (MSP) inform\u00f3 que se aplic\u00f3 la segunda dosis en el centro gerontol\u00f3gico del Ministerio de Inclusi\u00f3n Econ\u00f3mica y Social (MIES) en Cayambe, en los hospitales Guasmo Sur en Guayaquil, Pablo Arturo Su\u00e1rez, Eugenio Espejo y de la Polic\u00eda Nacional, en Quito.<\/div>\n<div dir=\"auto\"><\/div>\n<\/div>\n<div class=\"o9v6fnle cxmmr5t8 oygrvhab hcukyx3x c1et5uql ii04i59q\">\n<div dir=\"auto\"><a class=\"oajrlxb2 g5ia77u1 qu0x051f esr5mh6w e9989ue4 r7d6kgcz rq0escxv nhd2j8a9 nc684nl6 p7hjln8o kvgmc6g5 cxmmr5t8 oygrvhab hcukyx3x jb3vyjys rz4wbd8a qt6c0cv9 a8nywdso i1ao9s8h esuyzwwr f1sip0of lzcic4wl py34i1dx gpro0wi8\" tabindex=\"0\" role=\"link\" href=\"https:\/\/l.facebook.com\/l.php?u=http%3A%2F%2Fwww.lodelmomentoloja.com%2F%3Ffbclid%3DIwAR0wxgIUuWYgqq_iLBAh0lcbOSCsFN0EYxOIWzEM0WqNpPX1H1XIwV33jec&amp;h=AT28ZTrA2XidLqtJtHsFmD12ead_5f76u0HLxL-ySabxb3WQlJGibLWgaHxko5SOjSoSch7No9jTyYHtInfSc52Y02AAqRd1JE01SURzNbTG1YnO92wET7pItQeZC6zt&amp;__tn__=-UK-R&amp;c[0]=AT28wfajscoZPQpgwEzx6VCi7yjSFRbh-kkWUNBErGqHz4Pqa4NyQJ-UaF8QTBdnB3xIIy3UhOJ26z9DtEojRQnoQNwGcOvlFS9cLfD797wLUJxjDk74aM2geggXlAWQbFkmS4d6Zfb2IgLw0IU9EVBu-JLb7rR3CXaDHUmMU2nnzs-LqY3yMl2Gb_7YNHUciEkJmb8\" target=\"_blank\" rel=\"nofollow noopener\">www.lodelmomentoloja.com<\/a><\/div>\n<div dir=\"auto\"><a class=\"oajrlxb2 g5ia77u1 qu0x051f esr5mh6w e9989ue4 r7d6kgcz rq0escxv nhd2j8a9 nc684nl6 p7hjln8o kvgmc6g5 cxmmr5t8 oygrvhab hcukyx3x jb3vyjys rz4wbd8a qt6c0cv9 a8nywdso i1ao9s8h esuyzwwr f1sip0of lzcic4wl q66pz984 gpro0wi8 b1v8xokw\" tabindex=\"0\" role=\"link\" href=\"https:\/\/www.facebook.com\/hashtag\/ldmnoticias?__eep__=6&amp;__cft__[0]=AZVT5Y0qg74M2BRyxhYK6IKBkLbqG6lwXEDHreJC3uTjWjzMEYFJQlaA1G2EsbEGu7jEp-ppGMl-Tn_aTf8xYxEKMiV_F-cZ_76cnaO-oGSuQ_f4w4gH3L0NL3XyMjHrCt2kHsjRNWKfrjiAvE1d1UsXqeJmsoPfsj76EV_rE_KWgs_iM5WDL6fjEhwtSoyooVs&amp;__tn__=*NK-R\">#LDMnoticias<\/a> <a class=\"oajrlxb2 g5ia77u1 qu0x051f esr5mh6w e9989ue4 r7d6kgcz rq0escxv nhd2j8a9 nc684nl6 p7hjln8o kvgmc6g5 cxmmr5t8 oygrvhab hcukyx3x jb3vyjys rz4wbd8a qt6c0cv9 a8nywdso i1ao9s8h esuyzwwr f1sip0of lzcic4wl q66pz984 gpro0wi8 b1v8xokw\" tabindex=\"0\" role=\"link\" href=\"https:\/\/www.facebook.com\/hashtag\/lodelmomentolojaldm?__eep__=6&amp;__cft__[0]=AZVT5Y0qg74M2BRyxhYK6IKBkLbqG6lwXEDHreJC3uTjWjzMEYFJQlaA1G2EsbEGu7jEp-ppGMl-Tn_aTf8xYxEKMiV_F-cZ_76cnaO-oGSuQ_f4w4gH3L0NL3XyMjHrCt2kHsjRNWKfrjiAvE1d1UsXqeJmsoPfsj76EV_rE_KWgs_iM5WDL6fjEhwtSoyooVs&amp;__tn__=*NK-R\">#lodelmomentolojaLDM<\/a><\/div>\n<\/div>\n","protected":false},"excerpt":{"rendered":"<p>#Ecuador | Primer lote de vacunas no cubri\u00f3 lo esperado. El Ministerio de Salud no&#8230;<\/p>\n","protected":false},"author":1,"featured_media":2463,"comment_status":"open","ping_status":"open","sticky":false,"template":"","format":"standard","meta":{"footnotes":""},"categories":[1],"tags":[],"class_list":["post-2462","post","type-post","status-publish","format-standard","has-post-thumbnail","hentry","category-inicio"],"_links":{"self":[{"href":"https:\/\/www.lodelmomentoloja.com\/index.php?rest_route=\/wp\/v2\/posts\/2462"}],"collection":[{"href":"https:\/\/www.lodelmomentoloja.com\/index.php?rest_route=\/wp\/v2\/posts"}],"about":[{"href":"https:\/\/www.lodelmomentoloja.com\/index.php?rest_route=\/wp\/v2\/types\/post"}],"author":[{"embeddable":true,"href":"https:\/\/www.lodelmomentoloja.com\/index.php?rest_route=\/wp\/v2\/users\/1"}],"replies":[{"embeddable":true,"href":"https:\/\/www.lodelmomentoloja.com\/index.php?rest_route=%2Fwp%2Fv2%2Fcomments&post=2462"}],"version-history":[{"count":2,"href":"https:\/\/www.lodelmomentoloja.com\/index.php?rest_route=\/wp\/v2\/posts\/2462\/revisions"}],"predecessor-version":[{"id":2465,"href":"https:\/\/www.lodelmomentoloja.com\/index.php?rest_route=\/wp\/v2\/posts\/2462\/revisions\/2465"}],"wp:featuredmedia":[{"embeddable":true,"href":"https:\/\/www.lodelmomentoloja.com\/index.php?rest_route=\/wp\/v2\/media\/2463"}],"wp:attachment":[{"href":"https:\/\/www.lodelmomentoloja.com\/index.php?rest_route=%2Fwp%2Fv2%2Fmedia&parent=2462"}],"wp:term":[{"taxonomy":"category","embeddable":true,"href":"https:\/\/www.lodelmomentoloja.com\/index.php?rest_route=%2Fwp%2Fv2%2Fcategories&post=2462"},{"taxonomy":"post_tag","embeddable":true,"href":"https:\/\/www.lodelmomentoloja.com\/index.php?rest_route=%2Fwp%2Fv2%2Ftags&post=2462"}],"curies":[{"name":"wp","href":"https:\/\/api.w.org\/{rel}","templated":true}]}}