{"id":24615,"date":"2025-02-05T09:32:54","date_gmt":"2025-02-05T09:32:54","guid":{"rendered":"https:\/\/www.lodelmomentoloja.com\/?p=24615"},"modified":"2025-02-05T15:34:19","modified_gmt":"2025-02-05T15:34:19","slug":"presidente-del-ecuador-brindara-una-ayuda-a-los-migrantes-ecuatorianos-que-sean-deportados","status":"publish","type":"post","link":"https:\/\/www.lodelmomentoloja.com\/?p=24615","title":{"rendered":"Presidente del Ecuador, brindar\u00e1 una ayuda a los migrantes ecuatorianos que sean deportados."},"content":{"rendered":"<p>\ud83d\ude31\ud83d\udcb8\ud83c\udfe0\u00a1Para los deportados! A trav\u00e9s del Decreto Ejecutivo 521, Daniel Noboa, anunci\u00f3 que los migrantes ecuatorianos que sean deportados de los Estados Unidos, recibir\u00e1n una remuneraci\u00f3n de $470.00 durante tres meses. El decreto especifica que el beneficio ser\u00e1 exclusivo para los ecuatorianos que no pudieron regularizar su situaci\u00f3n migratoria, adem\u00e1s, no deben haber cometido d3l1t0s graves, no tener antecedentes penales en Ecuador, ser mayor de 18 a\u00f1os y no ser beneficiario de bonos del MIES.<\/p>\n<p>\ud83c\udf10\ud83d\udc49\ud83c\udffb S\u00edguenos en la web lodelmomentoloja.com<br \/>\n<a class=\"x1i10hfl xjbqb8w x1ejq31n xd10rxx x1sy0etr x17r0tee x972fbf xcfux6l x1qhh985 xm0m39n x9f619 x1ypdohk xt0psk2 xe8uvvx xdj266r x11i5rnm xat24cr x1mh8g0r xexx8yu x4uap5 x18d9i69 xkhd6sd x16tdsg8 x1hl2dhg xggy1nq x1a2a7pz  _aa9_ _a6hd\" tabindex=\"0\" role=\"link\" href=\"https:\/\/www.instagram.com\/explore\/tags\/ldmnoticias\/\">#LDMnoticias<\/a>\u00a0<a class=\"x1i10hfl xjbqb8w x1ejq31n xd10rxx x1sy0etr x17r0tee x972fbf xcfux6l x1qhh985 xm0m39n x9f619 x1ypdohk xt0psk2 xe8uvvx xdj266r x11i5rnm xat24cr x1mh8g0r xexx8yu x4uap5 x18d9i69 xkhd6sd x16tdsg8 x1hl2dhg xggy1nq x1a2a7pz  _aa9_ _a6hd\" tabindex=\"0\" role=\"link\" href=\"https:\/\/www.instagram.com\/explore\/tags\/lodelmomentolojaldm\/\">#lodelmomentolojaLDM<\/a><\/p>\n","protected":false},"excerpt":{"rendered":"<p>\ud83d\ude31\ud83d\udcb8\ud83c\udfe0\u00a1Para los deportados! A trav\u00e9s del Decreto Ejecutivo 521, Daniel Noboa, anunci\u00f3 que los migrantes&#8230;<\/p>\n","protected":false},"author":1,"featured_media":24616,"comment_status":"open","ping_status":"open","sticky":false,"template":"","format":"standard","meta":{"footnotes":""},"categories":[7,1,4],"tags":[],"class_list":["post-24615","post","type-post","status-publish","format-standard","has-post-thumbnail","hentry","category-ecuador","category-inicio","category-internacional"],"_links":{"self":[{"href":"https:\/\/www.lodelmomentoloja.com\/index.php?rest_route=\/wp\/v2\/posts\/24615"}],"collection":[{"href":"https:\/\/www.lodelmomentoloja.com\/index.php?rest_route=\/wp\/v2\/posts"}],"about":[{"href":"https:\/\/www.lodelmomentoloja.com\/index.php?rest_route=\/wp\/v2\/types\/post"}],"author":[{"embeddable":true,"href":"https:\/\/www.lodelmomentoloja.com\/index.php?rest_route=\/wp\/v2\/users\/1"}],"replies":[{"embeddable":true,"href":"https:\/\/www.lodelmomentoloja.com\/index.php?rest_route=%2Fwp%2Fv2%2Fcomments&post=24615"}],"version-history":[{"count":1,"href":"https:\/\/www.lodelmomentoloja.com\/index.php?rest_route=\/wp\/v2\/posts\/24615\/revisions"}],"predecessor-version":[{"id":24617,"href":"https:\/\/www.lodelmomentoloja.com\/index.php?rest_route=\/wp\/v2\/posts\/24615\/revisions\/24617"}],"wp:featuredmedia":[{"embeddable":true,"href":"https:\/\/www.lodelmomentoloja.com\/index.php?rest_route=\/wp\/v2\/media\/24616"}],"wp:attachment":[{"href":"https:\/\/www.lodelmomentoloja.com\/index.php?rest_route=%2Fwp%2Fv2%2Fmedia&parent=24615"}],"wp:term":[{"taxonomy":"category","embeddable":true,"href":"https:\/\/www.lodelmomentoloja.com\/index.php?rest_route=%2Fwp%2Fv2%2Fcategories&post=24615"},{"taxonomy":"post_tag","embeddable":true,"href":"https:\/\/www.lodelmomentoloja.com\/index.php?rest_route=%2Fwp%2Fv2%2Ftags&post=24615"}],"curies":[{"name":"wp","href":"https:\/\/api.w.org\/{rel}","templated":true}]}}