{"id":24597,"date":"2025-02-04T12:58:18","date_gmt":"2025-02-04T12:58:18","guid":{"rendered":"https:\/\/www.lodelmomentoloja.com\/?p=24597"},"modified":"2025-02-04T18:48:43","modified_gmt":"2025-02-04T18:48:43","slug":"24597","status":"publish","type":"post","link":"https:\/\/www.lodelmomentoloja.com\/?p=24597","title":{"rendered":"Corte declara inconstitucionales decretos de encargo de la Presidencia de Noboa."},"content":{"rendered":"<p>\ud83c\uddea\ud83c\udde8\ud83d\ude31\u270d\ud83c\udffb \u00a1Sentencia de la Corte! Con ochos votos a favor, la Corte Constitucional declar\u00f3 inconstitucionales los decretos 500 y 505 en los que Daniel N0b04 encarg\u00f3 la presidencia a Cynthia G3llib3rt, as\u00ed lo dio a conocer este lunes 03 de febrero de 2025. No obstante, para el Gobierno, la sentencia emitida por la Corte tiene otra connotaci\u00f3n \u00bfQui\u00e9n asumir\u00e1 la Presidencia en caso de que Noboa decida encargarla de vuelta?<\/p>\n<div style=\"width: 640px;\" class=\"wp-video\"><!--[if lt IE 9]><script>document.createElement('video');<\/script><![endif]-->\n<video class=\"wp-video-shortcode\" id=\"video-24597-1\" width=\"640\" height=\"360\" preload=\"metadata\" controls=\"controls\"><source type=\"video\/mp4\" src=\"http:\/\/www.lodelmomentoloja.com\/wp-content\/uploads\/2025\/02\/SENETNCIA-DE-LA-CORTE-REDUCIDO.mp4?_=1\" \/><a href=\"http:\/\/www.lodelmomentoloja.com\/wp-content\/uploads\/2025\/02\/SENETNCIA-DE-LA-CORTE-REDUCIDO.mp4\">http:\/\/www.lodelmomentoloja.com\/wp-content\/uploads\/2025\/02\/SENETNCIA-DE-LA-CORTE-REDUCIDO.mp4<\/a><\/video><\/div>\n<p>La Corte explic\u00f3 que, si bien ambos decretos perdieron vigencia, previo a la decisi\u00f3n de la instituci\u00f3n, &#8220;la instituci\u00f3n sigue facultada para pronunciarse sobre ellos, ya que tienen la potencialidad de producir efectos contrarios a la Constituci\u00f3n pese a su derogatoria&#8221;.<\/p>\n<p>Sin embargo, a cinco d\u00edas de las elecciones de primera vuelta, la Corte deja tres alternativas para el primer mandatario, la primera, en caso de que Noboa quiera participar en el cierre de su campa\u00f1a, deber\u00e1 solicitar licencia a la Asamblea Nacional, puesto que, otorgar la Presidencia por decreto, ya no es posible. Si la pide, Ver\u00f3nica Abad deber\u00e1 ocupar la vacante de manera inmediata.<\/p>\n<p>La segunda alternativa se desarrollar\u00eda si hubiera segunda vuelta. All\u00ed, Noboa deber\u00e1 decidir si realizar\u00e1 o no campa\u00f1a electoral, si la decisi\u00f3n es afirmativa, nuevamente, deber\u00e1 solicitar licencia a la Asamblea y encargar la Presidencia a Ver\u00f3nica Abad.<\/p>\n<p>Y el tercer escenario, es el menor favorable para el presidente candidato, puesto que semanas atr\u00e1s, sus adversarios pol\u00edticos han anunciado posibles denuncias en contra del presidente por las aparentes infracciones durante las elecciones.<\/p>\n<p>No obstante, para el Gobierno, la sentencia emitida por la Corte tiene otra connotaci\u00f3n, el Ministerio de Gobierno emiti\u00f3 un comunicado al respecto, &#8220;La sentencia ha dejado claro que las situaciones de fuerza mayor que motivaron los decretos no son de competencia de an\u00e1lisis de la CC\u201d dice parte del comunicado.<\/p>\n<p>Pero \u00bfQui\u00e9n asumir\u00e1 la Presidencia en caso de que Noboa decida encargarla de vuelta? El Ministerio se\u00f1ala que &#8220;Han ratificado que el Decreto Ejecutivo 494 (y por ende el 512), en los que se designa como Vicepresidenta a Cynthia Gellibert -por ausencia temporal de Ver\u00f3nica Abad, mismos que no son objeto de un an\u00e1lisis de una acci\u00f3n de inconstitucionalidad, por lo que siguen vigentes. Por lo tanto, Cynthia Gellibert es la persona que debe asumir la Presidencia en caso de ausencia temporal del Presidente&#8221;.<\/p>\n<p>\ud83d\udcf2\u25b6\ufe0f Ver video completo en Youtube: https:\/\/youtu.be\/WQttLEYorNk<\/p>\n<p>\ud83c\udf10\ud83d\udc49\ud83c\udffb S\u00edguenos en la web lodelmomentoloja.com<br \/>\n<a class=\"x1i10hfl xjbqb8w x1ejq31n xd10rxx x1sy0etr x17r0tee x972fbf xcfux6l x1qhh985 xm0m39n x9f619 x1ypdohk xt0psk2 xe8uvvx xdj266r x11i5rnm xat24cr x1mh8g0r xexx8yu x4uap5 x18d9i69 xkhd6sd x16tdsg8 x1hl2dhg xggy1nq x1a2a7pz _aa9_ _a6hd\" tabindex=\"0\" role=\"link\" href=\"https:\/\/www.instagram.com\/explore\/tags\/ldmnoticias\/\">#LDMnoticias<\/a>\u00a0<a class=\"x1i10hfl xjbqb8w x1ejq31n xd10rxx x1sy0etr x17r0tee x972fbf xcfux6l x1qhh985 xm0m39n x9f619 x1ypdohk xt0psk2 xe8uvvx xdj266r x11i5rnm xat24cr x1mh8g0r xexx8yu x4uap5 x18d9i69 xkhd6sd x16tdsg8 x1hl2dhg xggy1nq x1a2a7pz _aa9_ _a6hd\" tabindex=\"0\" role=\"link\" href=\"https:\/\/www.instagram.com\/explore\/tags\/lodelmomentolojaldm\/\">#lodelmomentolojaLDM<\/a><\/p>\n","protected":false},"excerpt":{"rendered":"<p>\ud83c\uddea\ud83c\udde8\ud83d\ude31\u270d\ud83c\udffb \u00a1Sentencia de la Corte! Con ochos votos a favor, la Corte Constitucional declar\u00f3 inconstitucionales&#8230;<\/p>\n","protected":false},"author":1,"featured_media":24599,"comment_status":"open","ping_status":"open","sticky":false,"template":"","format":"standard","meta":{"footnotes":""},"categories":[7,1],"tags":[],"class_list":["post-24597","post","type-post","status-publish","format-standard","has-post-thumbnail","hentry","category-ecuador","category-inicio"],"_links":{"self":[{"href":"https:\/\/www.lodelmomentoloja.com\/index.php?rest_route=\/wp\/v2\/posts\/24597"}],"collection":[{"href":"https:\/\/www.lodelmomentoloja.com\/index.php?rest_route=\/wp\/v2\/posts"}],"about":[{"href":"https:\/\/www.lodelmomentoloja.com\/index.php?rest_route=\/wp\/v2\/types\/post"}],"author":[{"embeddable":true,"href":"https:\/\/www.lodelmomentoloja.com\/index.php?rest_route=\/wp\/v2\/users\/1"}],"replies":[{"embeddable":true,"href":"https:\/\/www.lodelmomentoloja.com\/index.php?rest_route=%2Fwp%2Fv2%2Fcomments&post=24597"}],"version-history":[{"count":3,"href":"https:\/\/www.lodelmomentoloja.com\/index.php?rest_route=\/wp\/v2\/posts\/24597\/revisions"}],"predecessor-version":[{"id":24602,"href":"https:\/\/www.lodelmomentoloja.com\/index.php?rest_route=\/wp\/v2\/posts\/24597\/revisions\/24602"}],"wp:featuredmedia":[{"embeddable":true,"href":"https:\/\/www.lodelmomentoloja.com\/index.php?rest_route=\/wp\/v2\/media\/24599"}],"wp:attachment":[{"href":"https:\/\/www.lodelmomentoloja.com\/index.php?rest_route=%2Fwp%2Fv2%2Fmedia&parent=24597"}],"wp:term":[{"taxonomy":"category","embeddable":true,"href":"https:\/\/www.lodelmomentoloja.com\/index.php?rest_route=%2Fwp%2Fv2%2Fcategories&post=24597"},{"taxonomy":"post_tag","embeddable":true,"href":"https:\/\/www.lodelmomentoloja.com\/index.php?rest_route=%2Fwp%2Fv2%2Ftags&post=24597"}],"curies":[{"name":"wp","href":"https:\/\/api.w.org\/{rel}","templated":true}]}}