{"id":24594,"date":"2025-02-04T11:24:12","date_gmt":"2025-02-04T11:24:12","guid":{"rendered":"https:\/\/www.lodelmomentoloja.com\/?p=24594"},"modified":"2025-02-04T16:25:40","modified_gmt":"2025-02-04T16:25:40","slug":"ministerio-de-educacion-expuso-cifras-alarmantes-sobre-victimas-de-v10l3nc14-s3xv4l-en-ecuador","status":"publish","type":"post","link":"https:\/\/www.lodelmomentoloja.com\/?p=24594","title":{"rendered":"Ministerio de Educaci\u00f3n expuso cifras alarmantes sobre v\u00edctimas de v10l3nc14 s3xv4l en Ecuador"},"content":{"rendered":"<p>\ud83d\udcda\ud83d\udc4a\ud83c\udffb\ud83e\udd7a \u00a1Cifras en 10 a\u00f1os! Desde el Ministerio de Educaci\u00f3n, &#8216;Plan Nacional para la\u00a0Erradicaci\u00f3n de la Violencia en el Contexto Educativo&#8217; expuso cifras alarmantes sobre las v\u00edctimas de v10l3ncia s3xual en Ecuador, puesto que entre el 2014 y 2024, fueron m\u00e1s de 28.082 casos. En un documento de de 98 p\u00e1ginas, se revela que 90% de las v\u00edct1m4s fueron ni\u00f1as con un rango de edad entre 8 a 14 a\u00f1os de edad; en ese mismo sentido de las cifras, el plan muestra que el 74% de esta problem\u00e1tica no es parte del sistema educativo, mientras que el 26% si esta vinculados de manera directa con los planteles educativos.<\/p>\n<p>Fuente: Primicias.<\/p>\n<p>\ud83c\udf10\ud83d\udc49\ud83c\udffb S\u00edguenos en la web lodelmomentoloja.com<br \/>\n#LDMnoticias #lodelmomentolojaLDM<\/p>\n","protected":false},"excerpt":{"rendered":"<p>\ud83d\udcda\ud83d\udc4a\ud83c\udffb\ud83e\udd7a \u00a1Cifras en 10 a\u00f1os! Desde el Ministerio de Educaci\u00f3n, &#8216;Plan Nacional para la\u00a0Erradicaci\u00f3n de&#8230;<\/p>\n","protected":false},"author":1,"featured_media":24595,"comment_status":"open","ping_status":"open","sticky":false,"template":"","format":"standard","meta":{"footnotes":""},"categories":[7,1],"tags":[],"class_list":["post-24594","post","type-post","status-publish","format-standard","has-post-thumbnail","hentry","category-ecuador","category-inicio"],"_links":{"self":[{"href":"https:\/\/www.lodelmomentoloja.com\/index.php?rest_route=\/wp\/v2\/posts\/24594"}],"collection":[{"href":"https:\/\/www.lodelmomentoloja.com\/index.php?rest_route=\/wp\/v2\/posts"}],"about":[{"href":"https:\/\/www.lodelmomentoloja.com\/index.php?rest_route=\/wp\/v2\/types\/post"}],"author":[{"embeddable":true,"href":"https:\/\/www.lodelmomentoloja.com\/index.php?rest_route=\/wp\/v2\/users\/1"}],"replies":[{"embeddable":true,"href":"https:\/\/www.lodelmomentoloja.com\/index.php?rest_route=%2Fwp%2Fv2%2Fcomments&post=24594"}],"version-history":[{"count":1,"href":"https:\/\/www.lodelmomentoloja.com\/index.php?rest_route=\/wp\/v2\/posts\/24594\/revisions"}],"predecessor-version":[{"id":24596,"href":"https:\/\/www.lodelmomentoloja.com\/index.php?rest_route=\/wp\/v2\/posts\/24594\/revisions\/24596"}],"wp:featuredmedia":[{"embeddable":true,"href":"https:\/\/www.lodelmomentoloja.com\/index.php?rest_route=\/wp\/v2\/media\/24595"}],"wp:attachment":[{"href":"https:\/\/www.lodelmomentoloja.com\/index.php?rest_route=%2Fwp%2Fv2%2Fmedia&parent=24594"}],"wp:term":[{"taxonomy":"category","embeddable":true,"href":"https:\/\/www.lodelmomentoloja.com\/index.php?rest_route=%2Fwp%2Fv2%2Fcategories&post=24594"},{"taxonomy":"post_tag","embeddable":true,"href":"https:\/\/www.lodelmomentoloja.com\/index.php?rest_route=%2Fwp%2Fv2%2Ftags&post=24594"}],"curies":[{"name":"wp","href":"https:\/\/api.w.org\/{rel}","templated":true}]}}