{"id":2459,"date":"2021-02-12T10:55:09","date_gmt":"2021-02-12T10:55:09","guid":{"rendered":"http:\/\/www.lodelmomentoloja.com\/?p=2459"},"modified":"2021-02-12T15:54:30","modified_gmt":"2021-02-12T15:54:30","slug":"dia-de-la-amazonia-ecuatoriana","status":"publish","type":"post","link":"https:\/\/www.lodelmomentoloja.com\/?p=2459","title":{"rendered":"D\u00eda de la Amazon\u00eda Ecuatoriana."},"content":{"rendered":"<div class=\"kvgmc6g5 cxmmr5t8 oygrvhab hcukyx3x c1et5uql ii04i59q\">\n<div dir=\"auto\"><a class=\"oajrlxb2 g5ia77u1 qu0x051f esr5mh6w e9989ue4 r7d6kgcz rq0escxv nhd2j8a9 nc684nl6 p7hjln8o kvgmc6g5 cxmmr5t8 oygrvhab hcukyx3x jb3vyjys rz4wbd8a qt6c0cv9 a8nywdso i1ao9s8h esuyzwwr f1sip0of lzcic4wl q66pz984 gpro0wi8 b1v8xokw\" tabindex=\"0\" role=\"link\" href=\"https:\/\/www.facebook.com\/hashtag\/nacional?__eep__=6&amp;__cft__[0]=AZUAvc5FbkE-lyjDGYBCVSOtqT79tFJBFx1LmDM2QGB_adSPhiX1PpZLiMVFuI7QNapZzd4Ask6oD04vCS-wJxIUqsE1vZIxRQUp21YvPC_S5w3ZntzzUejSnCWbV--fphXPuvrO9kJm4ji_FyNuOAFFk7GBEBbtMssiE_HT6u-fyw&amp;__tn__=*NK-R\">#Nacional<\/a> | D\u00eda de la Amazon\u00eda Ecuatoriana.<\/div>\n<div dir=\"auto\"><\/div>\n<\/div>\n<div class=\"o9v6fnle cxmmr5t8 oygrvhab hcukyx3x c1et5uql ii04i59q\">\n<div dir=\"auto\">La amazonia es una de las regiones naturales m\u00e1s importantes del pa\u00eds que se caracteriza por su gran rengl\u00f3n econ\u00f3mico fincado en sus recursos naturales como el petr\u00f3leo.<\/div>\n<div dir=\"auto\"><\/div>\n<\/div>\n<div class=\"o9v6fnle cxmmr5t8 oygrvhab hcukyx3x c1et5uql ii04i59q\">\n<div dir=\"auto\">La Asamblea Constituyente de 1944 declaro el 12 de febrero como el D\u00eda de la Regi\u00f3n Amazonia, esto despu\u00e9s del descubrimiento del R\u00edo Amazonas que se dio en esta misma fecha.<\/div>\n<div dir=\"auto\"><\/div>\n<\/div>\n<div class=\"o9v6fnle cxmmr5t8 oygrvhab hcukyx3x c1et5uql ii04i59q\">\n<div dir=\"auto\">El descubrimiento de este r\u00edo justific\u00f3 la consagraci\u00f3n del 12 de febrero como el &#8220;D\u00eda del Oriente Ecuatoriano&#8221;. En 1980 la C\u00e1mara Nacional de Representantes decidi\u00f3 llamar al Oriente como Regi\u00f3n Amaz\u00f3nica.<\/div>\n<div dir=\"auto\"><\/div>\n<\/div>\n<div class=\"o9v6fnle cxmmr5t8 oygrvhab hcukyx3x c1et5uql ii04i59q\">\n<div dir=\"auto\"><a class=\"oajrlxb2 g5ia77u1 qu0x051f esr5mh6w e9989ue4 r7d6kgcz rq0escxv nhd2j8a9 nc684nl6 p7hjln8o kvgmc6g5 cxmmr5t8 oygrvhab hcukyx3x jb3vyjys rz4wbd8a qt6c0cv9 a8nywdso i1ao9s8h esuyzwwr f1sip0of lzcic4wl py34i1dx gpro0wi8\" tabindex=\"0\" role=\"link\" href=\"https:\/\/l.facebook.com\/l.php?u=http%3A%2F%2Fwww.lodelmomentoloja.com%2F%3Ffbclid%3DIwAR3ZQDemK-MZrJ-B-nvQlIWPinWapa2fwzlmtJQHGozEqFeVjAgtoBGVYcM&amp;h=AT0VBDHM7DXeaxh1IXjECmw34ewJ3z4UEr8ERdCYiDog5EzScoHtXvfWbIi-rpS0Zx0LfjN4HJosc1VMb7Hia4m0zCVijhHLHLmW25-O6noNE1x9_uB6-FMo4UWBacCz&amp;__tn__=-UK-R&amp;c[0]=AT0dzrd9CeWALBArIeMunA_2KQNQswO8E5lJXrqwWsSci6BJcTEKt5OA0_g7m9CbyHSY7wsaye-8IR7uMRSZ0VCIZ80r_NQ-CbmJZeoc3bXE4pxDnnf3ZKWIejuZBsQAgX_qUXj7jxjnHNRbEl2VQd4ifeTt9ZPQS_HgyVlpDwSiHWwSNC4\" target=\"_blank\" rel=\"nofollow noopener\">www.lodelmomentoloja.com<\/a><\/div>\n<div dir=\"auto\"><a class=\"oajrlxb2 g5ia77u1 qu0x051f esr5mh6w e9989ue4 r7d6kgcz rq0escxv nhd2j8a9 nc684nl6 p7hjln8o kvgmc6g5 cxmmr5t8 oygrvhab hcukyx3x jb3vyjys rz4wbd8a qt6c0cv9 a8nywdso i1ao9s8h esuyzwwr f1sip0of lzcic4wl q66pz984 gpro0wi8 b1v8xokw\" tabindex=\"0\" role=\"link\" href=\"https:\/\/www.facebook.com\/hashtag\/ldmnoticias?__eep__=6&amp;__cft__[0]=AZUAvc5FbkE-lyjDGYBCVSOtqT79tFJBFx1LmDM2QGB_adSPhiX1PpZLiMVFuI7QNapZzd4Ask6oD04vCS-wJxIUqsE1vZIxRQUp21YvPC_S5w3ZntzzUejSnCWbV--fphXPuvrO9kJm4ji_FyNuOAFFk7GBEBbtMssiE_HT6u-fyw&amp;__tn__=*NK-R\">#LDMnoticias<\/a> <a class=\"oajrlxb2 g5ia77u1 qu0x051f esr5mh6w e9989ue4 r7d6kgcz rq0escxv nhd2j8a9 nc684nl6 p7hjln8o kvgmc6g5 cxmmr5t8 oygrvhab hcukyx3x jb3vyjys rz4wbd8a qt6c0cv9 a8nywdso i1ao9s8h esuyzwwr f1sip0of lzcic4wl q66pz984 gpro0wi8 b1v8xokw\" tabindex=\"0\" role=\"link\" href=\"https:\/\/www.facebook.com\/hashtag\/lodelmomentolojaldm?__eep__=6&amp;__cft__[0]=AZUAvc5FbkE-lyjDGYBCVSOtqT79tFJBFx1LmDM2QGB_adSPhiX1PpZLiMVFuI7QNapZzd4Ask6oD04vCS-wJxIUqsE1vZIxRQUp21YvPC_S5w3ZntzzUejSnCWbV--fphXPuvrO9kJm4ji_FyNuOAFFk7GBEBbtMssiE_HT6u-fyw&amp;__tn__=*NK-R\">#lodelmomentolojaLDM<\/a><\/div>\n<\/div>\n","protected":false},"excerpt":{"rendered":"<p>#Nacional | D\u00eda de la Amazon\u00eda Ecuatoriana. La amazonia es una de las regiones naturales&#8230;<\/p>\n","protected":false},"author":1,"featured_media":2460,"comment_status":"open","ping_status":"open","sticky":false,"template":"","format":"standard","meta":{"footnotes":""},"categories":[1],"tags":[],"class_list":["post-2459","post","type-post","status-publish","format-standard","has-post-thumbnail","hentry","category-inicio"],"_links":{"self":[{"href":"https:\/\/www.lodelmomentoloja.com\/index.php?rest_route=\/wp\/v2\/posts\/2459"}],"collection":[{"href":"https:\/\/www.lodelmomentoloja.com\/index.php?rest_route=\/wp\/v2\/posts"}],"about":[{"href":"https:\/\/www.lodelmomentoloja.com\/index.php?rest_route=\/wp\/v2\/types\/post"}],"author":[{"embeddable":true,"href":"https:\/\/www.lodelmomentoloja.com\/index.php?rest_route=\/wp\/v2\/users\/1"}],"replies":[{"embeddable":true,"href":"https:\/\/www.lodelmomentoloja.com\/index.php?rest_route=%2Fwp%2Fv2%2Fcomments&post=2459"}],"version-history":[{"count":1,"href":"https:\/\/www.lodelmomentoloja.com\/index.php?rest_route=\/wp\/v2\/posts\/2459\/revisions"}],"predecessor-version":[{"id":2461,"href":"https:\/\/www.lodelmomentoloja.com\/index.php?rest_route=\/wp\/v2\/posts\/2459\/revisions\/2461"}],"wp:featuredmedia":[{"embeddable":true,"href":"https:\/\/www.lodelmomentoloja.com\/index.php?rest_route=\/wp\/v2\/media\/2460"}],"wp:attachment":[{"href":"https:\/\/www.lodelmomentoloja.com\/index.php?rest_route=%2Fwp%2Fv2%2Fmedia&parent=2459"}],"wp:term":[{"taxonomy":"category","embeddable":true,"href":"https:\/\/www.lodelmomentoloja.com\/index.php?rest_route=%2Fwp%2Fv2%2Fcategories&post=2459"},{"taxonomy":"post_tag","embeddable":true,"href":"https:\/\/www.lodelmomentoloja.com\/index.php?rest_route=%2Fwp%2Fv2%2Ftags&post=2459"}],"curies":[{"name":"wp","href":"https:\/\/api.w.org\/{rel}","templated":true}]}}