{"id":24567,"date":"2025-02-03T11:53:40","date_gmt":"2025-02-03T11:53:40","guid":{"rendered":"https:\/\/www.lodelmomentoloja.com\/?p=24567"},"modified":"2025-02-03T16:56:44","modified_gmt":"2025-02-03T16:56:44","slug":"el-proximo-9-de-febrero-ecuatorianos-elegiran-al-nuevo-presidente-a-del-ecuador","status":"publish","type":"post","link":"https:\/\/www.lodelmomentoloja.com\/?p=24567","title":{"rendered":"El pr\u00f3ximo 9 de Febrero ecuatorianos elegir\u00e1n al nuevo Presidente\/a del Ecuador"},"content":{"rendered":"<p>\ud83c\uddea\ud83c\udde8\ud83d\uddf3\ufe0f\u2611\ufe0f \u00a1A pocos d\u00edas! El pr\u00f3ximo 9 de febrero del 2025, los ecuatorianos acudir\u00e1n a las urnas para elegir al nuevo Presidente o Presidenta del Ecuador, quien asumir\u00e1 el cargo hasta el 2029, teniendo un total de 16 binomios como candidatos presidenciales. Adem\u00e1s tambi\u00e9n se escoger\u00e1n a asamble\u00edstas y representantes al Parlamento Andino.<\/p>\n<p>Cabe recordar que, seg\u00fan el art\u00edculo 62 de la Constituci\u00f3n y el C\u00f3digo de la Democracia, en su art\u00edculo 11, mencionan que el voto facultativo es para las personas entre 16 y 18 a\u00f1os. Asimismo, para personas mayores de 65 a\u00f1os, ecuatorianos en el exterior y los integrantes de las Fuerzas Armadas y Polic\u00eda Nacional en servicio activo, personas con discapacidad y analfabetos.<\/p>\n<p>\ud83c\udf10\ud83d\udc49\ud83c\udffb S\u00edguenos en la web lodelmomentoloja.com<br \/>\n#LDMnoticias #lodelmomentolojaLDM<\/p>\n","protected":false},"excerpt":{"rendered":"<p>\ud83c\uddea\ud83c\udde8\ud83d\uddf3\ufe0f\u2611\ufe0f \u00a1A pocos d\u00edas! El pr\u00f3ximo 9 de febrero del 2025, los ecuatorianos acudir\u00e1n a&#8230;<\/p>\n","protected":false},"author":1,"featured_media":24568,"comment_status":"open","ping_status":"open","sticky":false,"template":"","format":"standard","meta":{"footnotes":""},"categories":[7,1],"tags":[],"class_list":["post-24567","post","type-post","status-publish","format-standard","has-post-thumbnail","hentry","category-ecuador","category-inicio"],"_links":{"self":[{"href":"https:\/\/www.lodelmomentoloja.com\/index.php?rest_route=\/wp\/v2\/posts\/24567"}],"collection":[{"href":"https:\/\/www.lodelmomentoloja.com\/index.php?rest_route=\/wp\/v2\/posts"}],"about":[{"href":"https:\/\/www.lodelmomentoloja.com\/index.php?rest_route=\/wp\/v2\/types\/post"}],"author":[{"embeddable":true,"href":"https:\/\/www.lodelmomentoloja.com\/index.php?rest_route=\/wp\/v2\/users\/1"}],"replies":[{"embeddable":true,"href":"https:\/\/www.lodelmomentoloja.com\/index.php?rest_route=%2Fwp%2Fv2%2Fcomments&post=24567"}],"version-history":[{"count":1,"href":"https:\/\/www.lodelmomentoloja.com\/index.php?rest_route=\/wp\/v2\/posts\/24567\/revisions"}],"predecessor-version":[{"id":24569,"href":"https:\/\/www.lodelmomentoloja.com\/index.php?rest_route=\/wp\/v2\/posts\/24567\/revisions\/24569"}],"wp:featuredmedia":[{"embeddable":true,"href":"https:\/\/www.lodelmomentoloja.com\/index.php?rest_route=\/wp\/v2\/media\/24568"}],"wp:attachment":[{"href":"https:\/\/www.lodelmomentoloja.com\/index.php?rest_route=%2Fwp%2Fv2%2Fmedia&parent=24567"}],"wp:term":[{"taxonomy":"category","embeddable":true,"href":"https:\/\/www.lodelmomentoloja.com\/index.php?rest_route=%2Fwp%2Fv2%2Fcategories&post=24567"},{"taxonomy":"post_tag","embeddable":true,"href":"https:\/\/www.lodelmomentoloja.com\/index.php?rest_route=%2Fwp%2Fv2%2Ftags&post=24567"}],"curies":[{"name":"wp","href":"https:\/\/api.w.org\/{rel}","templated":true}]}}