{"id":24553,"date":"2025-01-31T16:01:49","date_gmt":"2025-01-31T16:01:49","guid":{"rendered":"https:\/\/www.lodelmomentoloja.com\/?p=24553"},"modified":"2025-01-31T22:04:50","modified_gmt":"2025-01-31T22:04:50","slug":"14-sentenciados-por-presunta-d3l1ncv3nc14-organizada-en-el-caso-pampa","status":"publish","type":"post","link":"https:\/\/www.lodelmomentoloja.com\/?p=24553","title":{"rendered":"14 sentenciados por presunta d3l1ncv3nc14 organizada en el caso Pampa"},"content":{"rendered":"<p>\ud83d\ude31\ud83c\uddea\ud83c\udde8\ud83d\udc49 \u00a1Caso Pampa! 14 personas que, aparentemente, estar\u00edan vinculadas con la mafia albanesa fueron sentenciados a prisi\u00f3n por el presunto d3l1t0 de delincuencia organizada en el caso Pampa. Seg\u00fan la Fiscal\u00eda, los sentenciados formar\u00edan parte de una organizaci\u00f3n d3l1ct1v4 dedicada al n4rc0tr4f1c0 transnacional que estar\u00eda liderada por el alban\u00e9s Dritan G., Mario S., y Carlos G., de nacionalidad argetina y ecuatoriana respectivamente.<\/p>\n<div style=\"width: 640px;\" class=\"wp-video\"><!--[if lt IE 9]><script>document.createElement('video');<\/script><![endif]-->\n<video class=\"wp-video-shortcode\" id=\"video-24553-1\" width=\"640\" height=\"360\" preload=\"metadata\" controls=\"controls\"><source type=\"video\/mp4\" src=\"http:\/\/www.lodelmomentoloja.com\/wp-content\/uploads\/2025\/01\/CASO-PAMPA-REDUCIDO.mp4?_=1\" \/><a href=\"http:\/\/www.lodelmomentoloja.com\/wp-content\/uploads\/2025\/01\/CASO-PAMPA-REDUCIDO.mp4\">http:\/\/www.lodelmomentoloja.com\/wp-content\/uploads\/2025\/01\/CASO-PAMPA-REDUCIDO.mp4<\/a><\/video><\/div>\n<p>&nbsp;<\/p>\n<p>Seg\u00fan la Fiscal\u00eda, que impulsa la investigaci\u00f3n en conjunto con la polic\u00eda espa\u00f1ola, los sentenciados formar\u00edan parte de una organizaci\u00f3n d3l1ct1v4 dedicada al n4rc0tr4f1c0 transnacional que estar\u00eda liderada por el alban\u00e9s Dritan G., Mario S., y Carlos G., de nacionalidad argetina y ecuatoriana respectivamente.<br \/>\nEl Ministerio P\u00fablico presume que los tres supuestos cabecillas, que se encuentran en calidad de pr\u00f3fugos, crearon m\u00faltiples empresas dedicadas a la exportaci\u00f3n y productos c\u00e1rnicos, as\u00ed como c4nn4b1s para ocultar el origen 1l1c1t0 de decenas de millones de d\u00f3lares, entre los a\u00f1os 2015 y 2024.<\/p>\n<p>Los jueces dictaron una pena de siete a\u00f1os de prisi\u00f3n a los cinco acusados considerados como presuntos \u2018cabecillas\u2019 de la organizaci\u00f3n: Andersson C., Jairo M., Jhon E., H\u00e9ctor P., Jonnathan L., quienes deber\u00e1n cancelar una multa de 20 salarios b\u00e1sicos unificados (SBU), es decir de $9.400.<\/p>\n<p>Mientras que, a los nueve colaboradores del aparente d3l1t0: Julio L., Zhuang Y., Olmer J., Jes\u00fas E., Javier I., Evellyn L., Miguel A., Vicente Z., y Jorge B., se les impuso una pena de cinco a\u00f1os de prisi\u00f3n y una multa de 12 salarios b\u00e1sicos equivalente a $5.640. adem\u00e1s, ordenaron el comiso de los bienes incautados durante los allanamientos del pasado 06 de febrero de 2024, ejecutados en las provincias de Pichincha, Cotopaxi, Guayas, El Oro, Los R\u00edos y Azuay.<\/p>\n<p>El caso Pampa surge de una colaboraci\u00f3n entre las autoridades ecuatorianas y espa\u00f1olas que deriv\u00f3 en un operativo conjunto realizado en febrero de 2024 que dej\u00f3 30 personas detenidas, 18 en Ecuador y 12 en Espa\u00f1a.<\/p>\n<p>\ud83d\udcf2\u25b6\ufe0f Ver video completo en Youtube: https:\/\/youtu.be\/iiqXctQmbQ8<\/p>\n<p>\ud83c\udf10\ud83d\udc49\ud83c\udffb S\u00edguenos en la web lodelmomentoloja.com<br \/>\n#LDMnoticias #lodelmomentolojaLDM<\/p>\n","protected":false},"excerpt":{"rendered":"<p>\ud83d\ude31\ud83c\uddea\ud83c\udde8\ud83d\udc49 \u00a1Caso Pampa! 14 personas que, aparentemente, estar\u00edan vinculadas con la mafia albanesa fueron sentenciados&#8230;<\/p>\n","protected":false},"author":1,"featured_media":24555,"comment_status":"open","ping_status":"open","sticky":false,"template":"","format":"standard","meta":{"footnotes":""},"categories":[7,1,5],"tags":[],"class_list":["post-24553","post","type-post","status-publish","format-standard","has-post-thumbnail","hentry","category-ecuador","category-inicio","category-loja"],"_links":{"self":[{"href":"https:\/\/www.lodelmomentoloja.com\/index.php?rest_route=\/wp\/v2\/posts\/24553"}],"collection":[{"href":"https:\/\/www.lodelmomentoloja.com\/index.php?rest_route=\/wp\/v2\/posts"}],"about":[{"href":"https:\/\/www.lodelmomentoloja.com\/index.php?rest_route=\/wp\/v2\/types\/post"}],"author":[{"embeddable":true,"href":"https:\/\/www.lodelmomentoloja.com\/index.php?rest_route=\/wp\/v2\/users\/1"}],"replies":[{"embeddable":true,"href":"https:\/\/www.lodelmomentoloja.com\/index.php?rest_route=%2Fwp%2Fv2%2Fcomments&post=24553"}],"version-history":[{"count":1,"href":"https:\/\/www.lodelmomentoloja.com\/index.php?rest_route=\/wp\/v2\/posts\/24553\/revisions"}],"predecessor-version":[{"id":24556,"href":"https:\/\/www.lodelmomentoloja.com\/index.php?rest_route=\/wp\/v2\/posts\/24553\/revisions\/24556"}],"wp:featuredmedia":[{"embeddable":true,"href":"https:\/\/www.lodelmomentoloja.com\/index.php?rest_route=\/wp\/v2\/media\/24555"}],"wp:attachment":[{"href":"https:\/\/www.lodelmomentoloja.com\/index.php?rest_route=%2Fwp%2Fv2%2Fmedia&parent=24553"}],"wp:term":[{"taxonomy":"category","embeddable":true,"href":"https:\/\/www.lodelmomentoloja.com\/index.php?rest_route=%2Fwp%2Fv2%2Fcategories&post=24553"},{"taxonomy":"post_tag","embeddable":true,"href":"https:\/\/www.lodelmomentoloja.com\/index.php?rest_route=%2Fwp%2Fv2%2Ftags&post=24553"}],"curies":[{"name":"wp","href":"https:\/\/api.w.org\/{rel}","templated":true}]}}