{"id":24550,"date":"2025-01-31T16:37:17","date_gmt":"2025-01-31T16:37:17","guid":{"rendered":"https:\/\/www.lodelmomentoloja.com\/?p=24550"},"modified":"2025-01-31T21:28:41","modified_gmt":"2025-01-31T21:28:41","slug":"siete-candidatos-no-asistieron-al-debate-de-asambleistas-en-loja","status":"publish","type":"post","link":"https:\/\/www.lodelmomentoloja.com\/?p=24550","title":{"rendered":"Siete candidatos no asistieron al debate de asamble\u00edstas en Loja"},"content":{"rendered":"<p>\u26a0\ufe0f\ud83d\udce8\ud83e\udd14 \u00a1Por varias situaciones! En la UTPL se desarroll\u00f3 el evento Loja Decide 2025 organizado por las tres universidades de la provincia UTPL, UIDE y UNL, misma que distribuy\u00f3 en dos bloques de seis candidatos a la asamblea por la provincia de Loja, el grupo N\u00ba 1 estuvo conformado por Ver\u00f3nica \u00cd\u00f1iguez (RC), Lucia Placencia (ID), Jos\u00e9 Sarango (PK), Jonathan Quezada (RETO), Julio Villavicencio (CD), Jean Sotomayor (AMIGO) que debatieron el jueves 30 de enero, en cambio, el grupo N\u00ba 2, estuvo Pablo Sol\u00f3rzano (PSE), Santiago Guachizaca (SER), Marco Alvarado (APLA), Jos\u00e9 Silverio (PSC), Vladimir Eraz (PID) y Gilbert Granda (UP).<\/p>\n<p>Por otro lado, pese haber recibido la invitaci\u00f3n por parte de los organizadores, siete candidatos no asistieron por varias \u00edndoles, la gran mayor\u00eda, aduc\u00edan que los cierres de campa\u00f1a en la provincia impiden que este evento forme parte de sus agendas, los ausentes fueron:<\/p>\n<p>\u26a0\ufe0fRafael D\u00e1vila. (SUMA)<br \/>\n\u26a0\ufe0fJos\u00e9 Bol\u00edvar Castillo. (ARE)<br \/>\n\u26a0\ufe0fGeovany Loayza (Avanza)<br \/>\n\u26a0\ufe0fLuis Eduardo Ben\u00edtez (PSP3)<br \/>\n\u26a0\ufe0fVicente Flores, (Construye)<br \/>\n\u26a0\ufe0fJorge Guevara (ADN) y<br \/>\n\u26a0\ufe0fSandra Jim\u00e9nez (Democracia Si)<\/p>\n<p>Es necesario el debatir ideas, no aceptar el llamado de j\u00f3venes que integran gran parte del padr\u00f3n electoral, demuestra el desinter\u00e9s por parte de estos candidatos, m\u00e1s a\u00fan cuando el pa\u00eds atraviesa estos momentos complicados&#8221;, expresaba para LDM, \u00c1lvaro Ortega, uno de los dirigentes estudiantiles organizadores del debate.<\/p>\n<p>\ud83c\udf10\ud83d\udc49\ud83c\udffb S\u00edguenos en la web lodelmomentoloja.com<br \/>\n<a class=\"x1i10hfl xjbqb8w x1ejq31n xd10rxx x1sy0etr x17r0tee x972fbf xcfux6l x1qhh985 xm0m39n x9f619 x1ypdohk xt0psk2 xe8uvvx xdj266r x11i5rnm xat24cr x1mh8g0r xexx8yu x4uap5 x18d9i69 xkhd6sd x16tdsg8 x1hl2dhg xggy1nq x1a2a7pz  _aa9_ _a6hd\" tabindex=\"0\" role=\"link\" href=\"https:\/\/www.instagram.com\/explore\/tags\/ldmnoticias\/\">#LDMnoticias<\/a>\u00a0<a class=\"x1i10hfl xjbqb8w x1ejq31n xd10rxx x1sy0etr x17r0tee x972fbf xcfux6l x1qhh985 xm0m39n x9f619 x1ypdohk xt0psk2 xe8uvvx xdj266r x11i5rnm xat24cr x1mh8g0r xexx8yu x4uap5 x18d9i69 xkhd6sd x16tdsg8 x1hl2dhg xggy1nq x1a2a7pz  _aa9_ _a6hd\" tabindex=\"0\" role=\"link\" href=\"https:\/\/www.instagram.com\/explore\/tags\/lodelmomentolojaldm\/\">#lodelmomentolojaLDM<\/a><\/p>\n","protected":false},"excerpt":{"rendered":"<p>\u26a0\ufe0f\ud83d\udce8\ud83e\udd14 \u00a1Por varias situaciones! En la UTPL se desarroll\u00f3 el evento Loja Decide 2025 organizado&#8230;<\/p>\n","protected":false},"author":1,"featured_media":24551,"comment_status":"open","ping_status":"open","sticky":false,"template":"","format":"standard","meta":{"footnotes":""},"categories":[7,1,5],"tags":[],"class_list":["post-24550","post","type-post","status-publish","format-standard","has-post-thumbnail","hentry","category-ecuador","category-inicio","category-loja"],"_links":{"self":[{"href":"https:\/\/www.lodelmomentoloja.com\/index.php?rest_route=\/wp\/v2\/posts\/24550"}],"collection":[{"href":"https:\/\/www.lodelmomentoloja.com\/index.php?rest_route=\/wp\/v2\/posts"}],"about":[{"href":"https:\/\/www.lodelmomentoloja.com\/index.php?rest_route=\/wp\/v2\/types\/post"}],"author":[{"embeddable":true,"href":"https:\/\/www.lodelmomentoloja.com\/index.php?rest_route=\/wp\/v2\/users\/1"}],"replies":[{"embeddable":true,"href":"https:\/\/www.lodelmomentoloja.com\/index.php?rest_route=%2Fwp%2Fv2%2Fcomments&post=24550"}],"version-history":[{"count":1,"href":"https:\/\/www.lodelmomentoloja.com\/index.php?rest_route=\/wp\/v2\/posts\/24550\/revisions"}],"predecessor-version":[{"id":24552,"href":"https:\/\/www.lodelmomentoloja.com\/index.php?rest_route=\/wp\/v2\/posts\/24550\/revisions\/24552"}],"wp:featuredmedia":[{"embeddable":true,"href":"https:\/\/www.lodelmomentoloja.com\/index.php?rest_route=\/wp\/v2\/media\/24551"}],"wp:attachment":[{"href":"https:\/\/www.lodelmomentoloja.com\/index.php?rest_route=%2Fwp%2Fv2%2Fmedia&parent=24550"}],"wp:term":[{"taxonomy":"category","embeddable":true,"href":"https:\/\/www.lodelmomentoloja.com\/index.php?rest_route=%2Fwp%2Fv2%2Fcategories&post=24550"},{"taxonomy":"post_tag","embeddable":true,"href":"https:\/\/www.lodelmomentoloja.com\/index.php?rest_route=%2Fwp%2Fv2%2Ftags&post=24550"}],"curies":[{"name":"wp","href":"https:\/\/api.w.org\/{rel}","templated":true}]}}