{"id":24520,"date":"2025-01-30T11:30:56","date_gmt":"2025-01-30T11:30:56","guid":{"rendered":"https:\/\/www.lodelmomentoloja.com\/?p=24520"},"modified":"2025-01-30T16:45:44","modified_gmt":"2025-01-30T16:45:44","slug":"corte-rechaza-bonificacion-por-desahucio-en-caso-de-renuncia-laboral-voluntaria","status":"publish","type":"post","link":"https:\/\/www.lodelmomentoloja.com\/?p=24520","title":{"rendered":"Corte rechaza bonificaci\u00f3n por desahucio en caso de renuncia laboral voluntaria."},"content":{"rendered":"<p>\ud83d\ude31\ud83d\udcb8\ud83d\udc4b\ud83c\udffb \u00a1Por hechos los vivos! La tarde del mi\u00e9rcoles 29 de enero, la Corte Nacional de Justicia declar\u00f3 improcedente la bonificaci\u00f3n por desahucio en caso de retiro voluntario, con lo que genera un precedente ante resoluciones de fallos contradictorios en materia laboral. Seg\u00fan indica la sentencia que ser\u00e1 publicada los pr\u00f3ximos d\u00edas en el Registro oficial: \u201cEl trabajador que haya decidido terminar su relaci\u00f3n laboral por retiro voluntario con la finalidad de acogerse a los beneficios de la jubilaci\u00f3n, no podr\u00e1 acogerse a la bonificaci\u00f3n por desahucio contemplada en el inciso segundo del art\u00edculo 184 del C\u00f3digo de Trabajo, pues se estar\u00eda beneficiando dos veces por la terminaci\u00f3n de la relaci\u00f3n laboral.\u201d<\/p>\n<p>\ud83c\udf10\ud83d\udc49\ud83c\udffb S\u00edguenos en la web lodelmomentoloja.com<br \/>\n<a class=\"x1i10hfl xjbqb8w x1ejq31n xd10rxx x1sy0etr x17r0tee x972fbf xcfux6l x1qhh985 xm0m39n x9f619 x1ypdohk xt0psk2 xe8uvvx xdj266r x11i5rnm xat24cr x1mh8g0r xexx8yu x4uap5 x18d9i69 xkhd6sd x16tdsg8 x1hl2dhg xggy1nq x1a2a7pz  _aa9_ _a6hd\" tabindex=\"0\" role=\"link\" href=\"https:\/\/www.instagram.com\/explore\/tags\/ldmnoticias\/\">#LDMnoticias<\/a>\u00a0<a class=\"x1i10hfl xjbqb8w x1ejq31n xd10rxx x1sy0etr x17r0tee x972fbf xcfux6l x1qhh985 xm0m39n x9f619 x1ypdohk xt0psk2 xe8uvvx xdj266r x11i5rnm xat24cr x1mh8g0r xexx8yu x4uap5 x18d9i69 xkhd6sd x16tdsg8 x1hl2dhg xggy1nq x1a2a7pz  _aa9_ _a6hd\" tabindex=\"0\" role=\"link\" href=\"https:\/\/www.instagram.com\/explore\/tags\/lodelmomentolojaldm\/\">#lodelmomentolojaLDM<\/a><\/p>\n","protected":false},"excerpt":{"rendered":"<p>\ud83d\ude31\ud83d\udcb8\ud83d\udc4b\ud83c\udffb \u00a1Por hechos los vivos! La tarde del mi\u00e9rcoles 29 de enero, la Corte Nacional&#8230;<\/p>\n","protected":false},"author":1,"featured_media":24521,"comment_status":"open","ping_status":"open","sticky":false,"template":"","format":"standard","meta":{"footnotes":""},"categories":[7,1],"tags":[],"class_list":["post-24520","post","type-post","status-publish","format-standard","has-post-thumbnail","hentry","category-ecuador","category-inicio"],"_links":{"self":[{"href":"https:\/\/www.lodelmomentoloja.com\/index.php?rest_route=\/wp\/v2\/posts\/24520"}],"collection":[{"href":"https:\/\/www.lodelmomentoloja.com\/index.php?rest_route=\/wp\/v2\/posts"}],"about":[{"href":"https:\/\/www.lodelmomentoloja.com\/index.php?rest_route=\/wp\/v2\/types\/post"}],"author":[{"embeddable":true,"href":"https:\/\/www.lodelmomentoloja.com\/index.php?rest_route=\/wp\/v2\/users\/1"}],"replies":[{"embeddable":true,"href":"https:\/\/www.lodelmomentoloja.com\/index.php?rest_route=%2Fwp%2Fv2%2Fcomments&post=24520"}],"version-history":[{"count":1,"href":"https:\/\/www.lodelmomentoloja.com\/index.php?rest_route=\/wp\/v2\/posts\/24520\/revisions"}],"predecessor-version":[{"id":24522,"href":"https:\/\/www.lodelmomentoloja.com\/index.php?rest_route=\/wp\/v2\/posts\/24520\/revisions\/24522"}],"wp:featuredmedia":[{"embeddable":true,"href":"https:\/\/www.lodelmomentoloja.com\/index.php?rest_route=\/wp\/v2\/media\/24521"}],"wp:attachment":[{"href":"https:\/\/www.lodelmomentoloja.com\/index.php?rest_route=%2Fwp%2Fv2%2Fmedia&parent=24520"}],"wp:term":[{"taxonomy":"category","embeddable":true,"href":"https:\/\/www.lodelmomentoloja.com\/index.php?rest_route=%2Fwp%2Fv2%2Fcategories&post=24520"},{"taxonomy":"post_tag","embeddable":true,"href":"https:\/\/www.lodelmomentoloja.com\/index.php?rest_route=%2Fwp%2Fv2%2Ftags&post=24520"}],"curies":[{"name":"wp","href":"https:\/\/api.w.org\/{rel}","templated":true}]}}