{"id":2451,"date":"2021-02-11T12:53:43","date_gmt":"2021-02-11T12:53:43","guid":{"rendered":"http:\/\/www.lodelmomentoloja.com\/?p=2451"},"modified":"2021-02-11T17:54:28","modified_gmt":"2021-02-11T17:54:28","slug":"cal-dio-paso-al-inicio-de-juicio-politico-contra-ministro-zevallos","status":"publish","type":"post","link":"https:\/\/www.lodelmomentoloja.com\/?p=2451","title":{"rendered":"CAL dio paso al inicio de juicio pol\u00edtico contra ministro Zevallos"},"content":{"rendered":"<div class=\"\" data-block=\"true\" data-editor=\"d02i6\" data-offset-key=\"4oaqe-0-0\">\n<div class=\"_1mf _1mj\" data-offset-key=\"4oaqe-0-0\"><span class=\"diy96o5h\"><span data-offset-key=\"4oaqe-0-0\">#Nacional<\/span><\/span><span data-offset-key=\"4oaqe-1-0\"> | CAL dio paso al inicio de juicio pol\u00edtico contra ministro Zevallos<\/span><\/div>\n<\/div>\n<div class=\"\" data-block=\"true\" data-editor=\"d02i6\" data-offset-key=\"fmhue-0-0\">\n<div class=\"_1mf _1mj\" data-offset-key=\"fmhue-0-0\"><span data-offset-key=\"fmhue-0-0\">\u00a0<\/span><\/div>\n<\/div>\n<div class=\"\" data-block=\"true\" data-editor=\"d02i6\" data-offset-key=\"2qqaq-0-0\">\n<div class=\"_1mf _1mj\" data-offset-key=\"2qqaq-0-0\"><span data-offset-key=\"2qqaq-0-0\">La ma\u00f1ana de este jueves 11 de enero, el Consejo de la Administraci\u00f3n de la Legislatura (CAL) ha dado paso al inicio de juicio pol\u00edtico, con siete votos a favor, contra el ministro de Salud, Juan Carlos Zevallos.<\/span><\/div>\n<\/div>\n<div class=\"\" data-block=\"true\" data-editor=\"d02i6\" data-offset-key=\"1sfma-0-0\">\n<div class=\"_1mf _1mj\" data-offset-key=\"1sfma-0-0\"><span data-offset-key=\"1sfma-0-0\">\u00a0<\/span><\/div>\n<\/div>\n<div class=\"\" data-block=\"true\" data-editor=\"d02i6\" data-offset-key=\"ff2mj-0-0\">\n<div class=\"_1mf _1mj\" data-offset-key=\"ff2mj-0-0\"><span data-offset-key=\"ff2mj-0-0\">La decisi\u00f3n se tom\u00f3 despu\u00e9s de que este organismo avocara conocimiento de los documentos que fueron presentados en enero pasado por los asamble\u00edstas Marcela Holgu\u00edn (RC) y \u00c1ngel Sinmaleza (Suma).<\/span><\/div>\n<\/div>\n<div class=\"\" data-block=\"true\" data-editor=\"d02i6\" data-offset-key=\"514bd-0-0\">\n<div class=\"_1mf _1mj\" data-offset-key=\"514bd-0-0\"><span data-offset-key=\"514bd-0-0\">\u00a0<\/span><\/div>\n<\/div>\n<div class=\"\" data-block=\"true\" data-editor=\"d02i6\" data-offset-key=\"egfff-0-0\">\n<div class=\"_1mf _1mj\" data-offset-key=\"egfff-0-0\"><span data-offset-key=\"egfff-0-0\">Documentos relacionado al manejo de la pandemia, la falta de transparencia en el proceso de vacunaci\u00f3n y la emisi\u00f3n irregular de los carn\u00e9s de discapacidad.<\/span><\/div>\n<\/div>\n<div class=\"\" data-block=\"true\" data-editor=\"d02i6\" data-offset-key=\"7llmc-0-0\">\n<div class=\"_1mf _1mj\" data-offset-key=\"7llmc-0-0\"><span data-offset-key=\"7llmc-0-0\">\u00a0<\/span><\/div>\n<\/div>\n<div class=\"\" data-block=\"true\" data-editor=\"d02i6\" data-offset-key=\"3q8s2-0-0\">\n<div class=\"_1mf _1mj\" data-offset-key=\"3q8s2-0-0\"><span data-offset-key=\"3q8s2-0-0\">Adem\u00e1s Fiscal\u00eda tambi\u00e9n abri\u00f3 un proceso de investigaci\u00f3n contra Zevallos por el manejo de vacunaci\u00f3n contra el coronavirus.<\/span><\/div>\n<\/div>\n<div class=\"\" data-block=\"true\" data-editor=\"d02i6\" data-offset-key=\"e0tb8-0-0\">\n<div class=\"_1mf _1mj\" data-offset-key=\"e0tb8-0-0\"><span data-offset-key=\"e0tb8-0-0\">\u00a0<\/span><\/div>\n<\/div>\n<div class=\"\" data-block=\"true\" data-editor=\"d02i6\" data-offset-key=\"8eu11-0-0\">\n<div class=\"_1mf _1mj\" data-offset-key=\"8eu11-0-0\"><span class=\"py34i1dx\"><span data-offset-key=\"8eu11-0-0\">www.lodelmomentoloja.com<\/span><\/span><\/div>\n<\/div>\n<div class=\"\" data-block=\"true\" data-editor=\"d02i6\" data-offset-key=\"80qk4-0-0\">\n<div class=\"_1mf _1mj\" data-offset-key=\"80qk4-0-0\"><span class=\"diy96o5h\" spellcheck=\"false\" data-offset-key=\"80qk4-0-0\"><span data-offset-key=\"80qk4-0-0\">#LDMnoticias<\/span><\/span> <span class=\"diy96o5h\" spellcheck=\"false\" data-offset-key=\"80qk4-2-0\"><span data-offset-key=\"80qk4-2-0\">#lodelmomentolojaLDM<\/span><\/span><\/div>\n<\/div>\n","protected":false},"excerpt":{"rendered":"<p>#Nacional | CAL dio paso al inicio de juicio pol\u00edtico contra ministro Zevallos \u00a0 La&#8230;<\/p>\n","protected":false},"author":1,"featured_media":2452,"comment_status":"open","ping_status":"open","sticky":false,"template":"","format":"standard","meta":{"footnotes":""},"categories":[1],"tags":[],"class_list":["post-2451","post","type-post","status-publish","format-standard","has-post-thumbnail","hentry","category-inicio"],"_links":{"self":[{"href":"https:\/\/www.lodelmomentoloja.com\/index.php?rest_route=\/wp\/v2\/posts\/2451"}],"collection":[{"href":"https:\/\/www.lodelmomentoloja.com\/index.php?rest_route=\/wp\/v2\/posts"}],"about":[{"href":"https:\/\/www.lodelmomentoloja.com\/index.php?rest_route=\/wp\/v2\/types\/post"}],"author":[{"embeddable":true,"href":"https:\/\/www.lodelmomentoloja.com\/index.php?rest_route=\/wp\/v2\/users\/1"}],"replies":[{"embeddable":true,"href":"https:\/\/www.lodelmomentoloja.com\/index.php?rest_route=%2Fwp%2Fv2%2Fcomments&post=2451"}],"version-history":[{"count":1,"href":"https:\/\/www.lodelmomentoloja.com\/index.php?rest_route=\/wp\/v2\/posts\/2451\/revisions"}],"predecessor-version":[{"id":2453,"href":"https:\/\/www.lodelmomentoloja.com\/index.php?rest_route=\/wp\/v2\/posts\/2451\/revisions\/2453"}],"wp:featuredmedia":[{"embeddable":true,"href":"https:\/\/www.lodelmomentoloja.com\/index.php?rest_route=\/wp\/v2\/media\/2452"}],"wp:attachment":[{"href":"https:\/\/www.lodelmomentoloja.com\/index.php?rest_route=%2Fwp%2Fv2%2Fmedia&parent=2451"}],"wp:term":[{"taxonomy":"category","embeddable":true,"href":"https:\/\/www.lodelmomentoloja.com\/index.php?rest_route=%2Fwp%2Fv2%2Fcategories&post=2451"},{"taxonomy":"post_tag","embeddable":true,"href":"https:\/\/www.lodelmomentoloja.com\/index.php?rest_route=%2Fwp%2Fv2%2Ftags&post=2451"}],"curies":[{"name":"wp","href":"https:\/\/api.w.org\/{rel}","templated":true}]}}