{"id":24453,"date":"2025-01-27T13:25:25","date_gmt":"2025-01-27T13:25:25","guid":{"rendered":"https:\/\/www.lodelmomentoloja.com\/?p=24453"},"modified":"2025-01-27T19:30:16","modified_gmt":"2025-01-27T19:30:16","slug":"donald-trump-y-gustavo-petro-en-una-disputa-por-leyes-migratorias","status":"publish","type":"post","link":"https:\/\/www.lodelmomentoloja.com\/?p=24453","title":{"rendered":"Donald Trump y Gustavo Petro en una disputa por leyes migratorias"},"content":{"rendered":"<p><img loading=\"lazy\" decoding=\"async\" class=\"alignnone size-medium wp-image-24455\" src=\"http:\/\/www.lodelmomentoloja.com\/wp-content\/uploads\/2025\/01\/WhatsApp-Image-2025-01-27-at-11.53.32-AM-300x169.jpeg\" alt=\"\" width=\"300\" height=\"169\" srcset=\"https:\/\/www.lodelmomentoloja.com\/wp-content\/uploads\/2025\/01\/WhatsApp-Image-2025-01-27-at-11.53.32-AM-300x169.jpeg 300w, https:\/\/www.lodelmomentoloja.com\/wp-content\/uploads\/2025\/01\/WhatsApp-Image-2025-01-27-at-11.53.32-AM-1024x576.jpeg 1024w, https:\/\/www.lodelmomentoloja.com\/wp-content\/uploads\/2025\/01\/WhatsApp-Image-2025-01-27-at-11.53.32-AM-768x432.jpeg 768w, https:\/\/www.lodelmomentoloja.com\/wp-content\/uploads\/2025\/01\/WhatsApp-Image-2025-01-27-at-11.53.32-AM-640x360.jpeg 640w, https:\/\/www.lodelmomentoloja.com\/wp-content\/uploads\/2025\/01\/WhatsApp-Image-2025-01-27-at-11.53.32-AM-1536x864.jpeg 1536w, https:\/\/www.lodelmomentoloja.com\/wp-content\/uploads\/2025\/01\/WhatsApp-Image-2025-01-27-at-11.53.32-AM.jpeg 1600w\" sizes=\"(max-width: 300px) 100vw, 300px\" \/><\/p>\n<p>\ud83d\ude31\ud83c\udde8\ud83c\uddf4\ud83c\uddfa\ud83c\uddf8 \u00a1Se fueron con todo! La relaci\u00f3n entre Estados Unidos y Colombia atraves\u00f3 una fase de tensi\u00f3n luego de que el presidente colombiano, Gustavo Petro, rechazara la recepci\u00f3n de dos vuelos militares con migrantes deportados el 26 de enero de 2025. Tras la negativa, Donald Trump, anunci\u00f3 la imposici\u00f3n inmediata de un arancel del 25% a todas las importaciones colombianas, lo propio anunci\u00f3 el Gobierno colombiano \u00bfEn qu\u00e9 termin\u00f3 la disputa?<\/p>\n<div style=\"width: 640px;\" class=\"wp-video\"><!--[if lt IE 9]><script>document.createElement('video');<\/script><![endif]-->\n<video class=\"wp-video-shortcode\" id=\"video-24453-1\" width=\"640\" height=\"360\" preload=\"metadata\" controls=\"controls\"><source type=\"video\/mp4\" src=\"http:\/\/www.lodelmomentoloja.com\/wp-content\/uploads\/2025\/01\/COLOMBIA-VS-ESTADOS-UNIDOS-REDUCIDO.mp4?_=1\" \/><a href=\"http:\/\/www.lodelmomentoloja.com\/wp-content\/uploads\/2025\/01\/COLOMBIA-VS-ESTADOS-UNIDOS-REDUCIDO.mp4\">http:\/\/www.lodelmomentoloja.com\/wp-content\/uploads\/2025\/01\/COLOMBIA-VS-ESTADOS-UNIDOS-REDUCIDO.mp4<\/a><\/video><\/div>\n<p>&nbsp;<\/p>\n<p>Sin embargo, tras la negativa de Petro, Donald Trump, anunci\u00f3 la imposici\u00f3n inmediata de un arancel del 25% a todas las importaciones colombianas, argumentando que la negativa de Colombia compromet\u00eda la seguridad nacional y p\u00fablica de su pa\u00eds. Adem\u00e1s de los aranceles, Trump implement\u00f3 prohibiciones de viaje, sanciones de visa para funcionarios del Gobierno y familiares y aumentar las inspecciones aduaneras para productos colombianos.<\/p>\n<p>Luego de este anuncio, Petro replic\u00f3 que tambi\u00e9n incrementar\u00eda aranceles del 25% a las importaciones estadounidenses y, adem\u00e1s, orden\u00f3 a su Gobierno a dirigir las exportaciones del pa\u00eds \u2018a todo el mundo excepto a Estado Unidos\u2019.<\/p>\n<p>Aunque la disputa caus\u00f3 furor en redes sociales, horas m\u00e1s tarde, la canciller\u00eda colombiana inform\u00f3 que el impase fue superado con el Gobierno de Estados Unidos \u201cSeguiremos recibiendo colombianos y colombianas que retornen en condici\u00f3n de deportados, garantiz\u00e1ndoles condiciones dignas, como ciudadanos sujetos de derecho\u201d, dice el comunicado.<\/p>\n<p>Petro tambi\u00e9n dijo que los m\u00e1s 15.000 residentes estadounidenses residentes en Colombia se encuentran de manera irregular, por lo que inst\u00f3 a los ciudadanos a regular su situaci\u00f3n garantizando su permanencia en el territorio colombiano.<\/p>\n<p>Mientras que un comunicado de la Casa Blanca dec\u00eda que \u201cel Gobierno de Colombia ha acordado las condiciones de Trump, incluida la aceptaci\u00f3n sin restricciones de todos los migrantes ilegales retornados desde Estados Unidos, incluidos los que lleguen en aviones militares\u201d.<\/p>\n<p>En caso de incrementar los aranceles para ambos pa\u00edses, \u00bfCu\u00e1les ser\u00edan las consecuencias? Seg\u00fan medios internacionales, Colombia exporta a Estados Unidos alrededor de USD 13 mil millones en productos como petr\u00f3leo, caf\u00e9, flores, pl\u00e1tano y textiles, por lo que incrementando el 25% de aranceles el valor de las exportaciones podr\u00eda incrementar cerca de USD 3, 5 mil millones. Mientras que, por parte de Estados Unidos, exporta a Colombia USD 19, 4 mil millones y, con el 25% de incremento los costos aumentar\u00edan un USD 4,85 mil millones adicionales.<\/p>\n<p>La Casa Blanca ha anunciado que, de momento, las represalias est\u00e1n suspendidas, sin embargo, las sanciones de visas contra funcionarios y las inspecciones aduaneras m\u00e1s estrictas de ciudadanos colombianos y env\u00edos de carga permanecer\u00e1n vigentes &#8220;hasta que se devuelva con \u00e9xito el primer avi\u00f3n cargado de deportados colombianos&#8221;.<\/p>\n<p>\ud83d\udcf2\u25b6\ufe0f Ver video completo en Youtube: https:\/\/youtu.be\/ICtyO1x4dXU<\/p>\n<p>\ud83c\udf10\ud83d\udc49\ud83c\udffb S\u00edguenos en la web lodelmomentoloja.com<br \/>\n#LDMnoticias #lodelmomentolojaLDM<\/p>\n","protected":false},"excerpt":{"rendered":"<p>\ud83d\ude31\ud83c\udde8\ud83c\uddf4\ud83c\uddfa\ud83c\uddf8 \u00a1Se fueron con todo! La relaci\u00f3n entre Estados Unidos y Colombia atraves\u00f3 una fase&#8230;<\/p>\n","protected":false},"author":1,"featured_media":24456,"comment_status":"open","ping_status":"open","sticky":false,"template":"","format":"standard","meta":{"footnotes":""},"categories":[7,1,4,5],"tags":[],"class_list":["post-24453","post","type-post","status-publish","format-standard","has-post-thumbnail","hentry","category-ecuador","category-inicio","category-internacional","category-loja"],"_links":{"self":[{"href":"https:\/\/www.lodelmomentoloja.com\/index.php?rest_route=\/wp\/v2\/posts\/24453"}],"collection":[{"href":"https:\/\/www.lodelmomentoloja.com\/index.php?rest_route=\/wp\/v2\/posts"}],"about":[{"href":"https:\/\/www.lodelmomentoloja.com\/index.php?rest_route=\/wp\/v2\/types\/post"}],"author":[{"embeddable":true,"href":"https:\/\/www.lodelmomentoloja.com\/index.php?rest_route=\/wp\/v2\/users\/1"}],"replies":[{"embeddable":true,"href":"https:\/\/www.lodelmomentoloja.com\/index.php?rest_route=%2Fwp%2Fv2%2Fcomments&post=24453"}],"version-history":[{"count":1,"href":"https:\/\/www.lodelmomentoloja.com\/index.php?rest_route=\/wp\/v2\/posts\/24453\/revisions"}],"predecessor-version":[{"id":24457,"href":"https:\/\/www.lodelmomentoloja.com\/index.php?rest_route=\/wp\/v2\/posts\/24453\/revisions\/24457"}],"wp:featuredmedia":[{"embeddable":true,"href":"https:\/\/www.lodelmomentoloja.com\/index.php?rest_route=\/wp\/v2\/media\/24456"}],"wp:attachment":[{"href":"https:\/\/www.lodelmomentoloja.com\/index.php?rest_route=%2Fwp%2Fv2%2Fmedia&parent=24453"}],"wp:term":[{"taxonomy":"category","embeddable":true,"href":"https:\/\/www.lodelmomentoloja.com\/index.php?rest_route=%2Fwp%2Fv2%2Fcategories&post=24453"},{"taxonomy":"post_tag","embeddable":true,"href":"https:\/\/www.lodelmomentoloja.com\/index.php?rest_route=%2Fwp%2Fv2%2Ftags&post=24453"}],"curies":[{"name":"wp","href":"https:\/\/api.w.org\/{rel}","templated":true}]}}