{"id":24422,"date":"2025-01-23T10:14:36","date_gmt":"2025-01-23T10:14:36","guid":{"rendered":"https:\/\/www.lodelmomentoloja.com\/?p=24422"},"modified":"2025-01-23T15:16:13","modified_gmt":"2025-01-23T15:16:13","slug":"noboa-dispone-a-gellibert-como-vicepresidenta-hasta-que-abad-se-presente-en-la-embajada-de-turquia","status":"publish","type":"post","link":"https:\/\/www.lodelmomentoloja.com\/?p=24422","title":{"rendered":"NOBOA DISPONE A GELLIBERT COMO VICEPRESIDENTA HASTA QUE ABAD SE PRESENTE EN LA EMBAJADA DE TURQU\u00cdA"},"content":{"rendered":"<p>\ud83d\udde3\ufe0f\u2712\ufe0f\ud83d\udcc4 \u00a1A hacer caso! A trav\u00e9s del Decreto Ejecutivo 512, el presidente Daniel Noboa decret\u00f3 mantener a Cynthia Gellibert como Vicepresidenta de la Rep\u00fablica, hasta que Ver\u00f3nica Abad se presente en la Embajada de Ecuador en Turqu\u00eda y tome posesi\u00f3n de las funciones asignadas. Adem\u00e1s la seguridad para Gellibert, Abad y familiares, se mantendr\u00e1 seg\u00fan la normativa, a cargo de la Casa Militar Presidencial. Dicho decreto entre en vigencia a partir de este 23 de enero del 2025.<\/p>\n<p><img loading=\"lazy\" decoding=\"async\" class=\"alignnone size-medium wp-image-24424\" src=\"http:\/\/www.lodelmomentoloja.com\/wp-content\/uploads\/2025\/01\/WhatsApp-Image-2025-01-23-at-9.51.29-AM-231x300.jpeg\" alt=\"\" width=\"231\" height=\"300\" srcset=\"https:\/\/www.lodelmomentoloja.com\/wp-content\/uploads\/2025\/01\/WhatsApp-Image-2025-01-23-at-9.51.29-AM-231x300.jpeg 231w, https:\/\/www.lodelmomentoloja.com\/wp-content\/uploads\/2025\/01\/WhatsApp-Image-2025-01-23-at-9.51.29-AM-789x1024.jpeg 789w, https:\/\/www.lodelmomentoloja.com\/wp-content\/uploads\/2025\/01\/WhatsApp-Image-2025-01-23-at-9.51.29-AM-768x997.jpeg 768w, https:\/\/www.lodelmomentoloja.com\/wp-content\/uploads\/2025\/01\/WhatsApp-Image-2025-01-23-at-9.51.29-AM-640x830.jpeg 640w, https:\/\/www.lodelmomentoloja.com\/wp-content\/uploads\/2025\/01\/WhatsApp-Image-2025-01-23-at-9.51.29-AM-1184x1536.jpeg 1184w, https:\/\/www.lodelmomentoloja.com\/wp-content\/uploads\/2025\/01\/WhatsApp-Image-2025-01-23-at-9.51.29-AM-1024x1329.jpeg 1024w, https:\/\/www.lodelmomentoloja.com\/wp-content\/uploads\/2025\/01\/WhatsApp-Image-2025-01-23-at-9.51.29-AM.jpeg 1233w\" sizes=\"(max-width: 231px) 100vw, 231px\" \/><\/p>\n<p>\ud83c\udf10\ud83d\udc49\ud83c\udffb S\u00edguenos en la web lodelmomentoloja.com<br \/>\n<a class=\"x1i10hfl xjbqb8w x1ejq31n xd10rxx x1sy0etr x17r0tee x972fbf xcfux6l x1qhh985 xm0m39n x9f619 x1ypdohk xt0psk2 xe8uvvx xdj266r x11i5rnm xat24cr x1mh8g0r xexx8yu x4uap5 x18d9i69 xkhd6sd x16tdsg8 x1hl2dhg xggy1nq x1a2a7pz  _aa9_ _a6hd\" tabindex=\"0\" role=\"link\" href=\"https:\/\/www.instagram.com\/explore\/tags\/ldmnoticias\/\">#LDMnoticias<\/a>\u00a0<a class=\"x1i10hfl xjbqb8w x1ejq31n xd10rxx x1sy0etr x17r0tee x972fbf xcfux6l x1qhh985 xm0m39n x9f619 x1ypdohk xt0psk2 xe8uvvx xdj266r x11i5rnm xat24cr x1mh8g0r xexx8yu x4uap5 x18d9i69 xkhd6sd x16tdsg8 x1hl2dhg xggy1nq x1a2a7pz  _aa9_ _a6hd\" tabindex=\"0\" role=\"link\" href=\"https:\/\/www.instagram.com\/explore\/tags\/lodelmomentolojaldm\/\">#lodelmomentolojaLDM<\/a><\/p>\n","protected":false},"excerpt":{"rendered":"<p>\ud83d\udde3\ufe0f\u2712\ufe0f\ud83d\udcc4 \u00a1A hacer caso! A trav\u00e9s del Decreto Ejecutivo 512, el presidente Daniel Noboa decret\u00f3&#8230;<\/p>\n","protected":false},"author":1,"featured_media":24423,"comment_status":"open","ping_status":"open","sticky":false,"template":"","format":"standard","meta":{"footnotes":""},"categories":[7,1,4],"tags":[],"class_list":["post-24422","post","type-post","status-publish","format-standard","has-post-thumbnail","hentry","category-ecuador","category-inicio","category-internacional"],"_links":{"self":[{"href":"https:\/\/www.lodelmomentoloja.com\/index.php?rest_route=\/wp\/v2\/posts\/24422"}],"collection":[{"href":"https:\/\/www.lodelmomentoloja.com\/index.php?rest_route=\/wp\/v2\/posts"}],"about":[{"href":"https:\/\/www.lodelmomentoloja.com\/index.php?rest_route=\/wp\/v2\/types\/post"}],"author":[{"embeddable":true,"href":"https:\/\/www.lodelmomentoloja.com\/index.php?rest_route=\/wp\/v2\/users\/1"}],"replies":[{"embeddable":true,"href":"https:\/\/www.lodelmomentoloja.com\/index.php?rest_route=%2Fwp%2Fv2%2Fcomments&post=24422"}],"version-history":[{"count":1,"href":"https:\/\/www.lodelmomentoloja.com\/index.php?rest_route=\/wp\/v2\/posts\/24422\/revisions"}],"predecessor-version":[{"id":24425,"href":"https:\/\/www.lodelmomentoloja.com\/index.php?rest_route=\/wp\/v2\/posts\/24422\/revisions\/24425"}],"wp:featuredmedia":[{"embeddable":true,"href":"https:\/\/www.lodelmomentoloja.com\/index.php?rest_route=\/wp\/v2\/media\/24423"}],"wp:attachment":[{"href":"https:\/\/www.lodelmomentoloja.com\/index.php?rest_route=%2Fwp%2Fv2%2Fmedia&parent=24422"}],"wp:term":[{"taxonomy":"category","embeddable":true,"href":"https:\/\/www.lodelmomentoloja.com\/index.php?rest_route=%2Fwp%2Fv2%2Fcategories&post=24422"},{"taxonomy":"post_tag","embeddable":true,"href":"https:\/\/www.lodelmomentoloja.com\/index.php?rest_route=%2Fwp%2Fv2%2Ftags&post=24422"}],"curies":[{"name":"wp","href":"https:\/\/api.w.org\/{rel}","templated":true}]}}