{"id":24413,"date":"2025-01-22T15:37:43","date_gmt":"2025-01-22T15:37:43","guid":{"rendered":"https:\/\/www.lodelmomentoloja.com\/?p=24413"},"modified":"2025-01-22T21:38:53","modified_gmt":"2025-01-22T21:38:53","slug":"fundacion-caje-y-cooperacion-espanola-lanzan-la-tercera-fase-de-la-casa-del-migrante-en-el-sur-del-ecuador-con-el-respaldo-de-16-instituciones","status":"publish","type":"post","link":"https:\/\/www.lodelmomentoloja.com\/?p=24413","title":{"rendered":"FUNDACI\u00d3N CAJE Y COOPERACI\u00d3N ESPA\u00d1OLA LANZAN LA TERCERA FASE DE LA &#8220;CASA DEL MIGRANTE&#8221; EN EL SUR DEL ECUADOR CON EL RESPALDO DE 16 INSTITUCIONES"},"content":{"rendered":"<p>En un esfuerzo conjunto para abordar los desaf\u00edos derivados del creciente flujo migratorio en el sur del Ecuador, la Fundaci\u00f3n CAJE, con el respaldo de la Cooperaci\u00f3n Espa\u00f1ola, ha anunciado hoy la suscripci\u00f3n de una alianza estrat\u00e9gica que potenciar\u00e1 el impacto del proyecto &#8220;Casa del Migrante&#8221;. El evento, que se llev\u00f3 a cabo en las instalaciones de Fundaci\u00f3n CAJE, reuni\u00f3 a representantes de 16 instituciones clave, consolidando una colaboraci\u00f3n intersectorial esencial para la sostenibilidad del proyecto.<\/p>\n<p>Entre los oradores destacados estuvieron Jos\u00e9 Luis Ojeda, Director Ejecutivo de Fundaci\u00f3n CAJE; Diego Lara, Director Ejecutivo de la Corporaci\u00f3n de Ferias de Loja y Presidente de la C\u00e1mara de Industrias; Mar\u00eda Jos\u00e9 Espinoza, Coordinadora Zonal del Ministerio de Inclusi\u00f3n Econ\u00f3mica y Social; Lourdes Iparraguirre, Presidenta de la Comunidad de Migrantes en Loja; y Janet Guerrero, Alcaldesa de Catamayo. Todos ellos resaltaron la relevancia de esta alianza estrat\u00e9gica para la integraci\u00f3n social y econ\u00f3mica de los migrantes en la regi\u00f3n. Las autoridades subrayaron la importancia de una respuesta coordinada y sostenible para enfrentar los retos asociados a la migraci\u00f3n, destacando c\u00f3mo estas iniciativas pueden transformar positivamente las comunidades locales.<\/p>\n<p><strong>Aliados Estrat\u00e9gicos<\/strong><br \/>\nLa alianza, que re\u00fane a 16 instituciones, se centra en la colaboraci\u00f3n intersectorial como eje para la sostenibilidad del proyecto. Los aliados incluyen:<\/p>\n<ul>\n<li>Alcald\u00eda de Loja<\/li>\n<li>Ministerio de Inclusi\u00f3n Econ\u00f3mica y Social, Zona 7<\/li>\n<li>Prefectura de Loja<\/li>\n<li>Universidad Nacional de Loja<\/li>\n<li>Alcald\u00edas de Macar\u00e1, Zapotillo, Pindal y Catamayo<\/li>\n<li>C\u00e1mara de Industrias<\/li>\n<li>Orgaepsi<\/li>\n<li>Pastoral Social C\u00e1ritas<\/li>\n<li>Corporaci\u00f3n Ferias de Loja<\/li>\n<li>Centro de Acci\u00f3n Social Municipal<\/li>\n<li>Red de Mujeres Loja<\/li>\n<li>Universidad Internacional del Ecuador<\/li>\n<li>Universidad T\u00e9cnica Particular de Loja<\/li>\n<\/ul>\n<p>La firma de convenios, que se realiz\u00f3 este lunes 20 de enero, formalizar\u00e1 esta colaboraci\u00f3n, consolidando un esfuerzo integral para mejorar las condiciones de vida de los migrantes venezolanos y las comunidades receptoras en el sur del pa\u00eds.<\/p>\n<p><strong>Contexto y Objetivos del Proyecto<\/strong><br \/>\nEl sur del Ecuador ha experimentado un aumento significativo en la llegada de migrantes venezolanos, muchos de ellos en situaci\u00f3n de extrema vulnerabilidad. Este fen\u00f3meno ha generado un desaf\u00edo multifac\u00e9tico que requiere respuestas innovadoras y sostenibles. En este contexto, la &#8220;Casa del Migrante&#8221; busca:<\/p>\n<ol>\n<li><strong>Fomentar la integraci\u00f3n social y econ\u00f3mica:<\/strong> Proporcionando programas de capacitaci\u00f3n y generaci\u00f3n de empleo que empoderen a los migrantes y las comunidades locales.<\/li>\n<li><strong>Promover la cohesi\u00f3n social:<\/strong> A trav\u00e9s de iniciativas comunitarias dise\u00f1adas para reducir la discriminaci\u00f3n y fomentar la convivencia armoniosa.<\/li>\n<li><strong>Fortalecer la salud mental y el bienestar:<\/strong> Implementando servicios de atenci\u00f3n psicol\u00f3gica para mitigar los efectos del desplazamiento forzado.<\/li>\n<li><strong>Generar impacto sostenible:<\/strong> Beneficiando a 150 familias, con un enfoque en las necesidades de los migrantes venezolanos y las comunidades vulnerables de los cantones de Macar\u00e1, Zapotillo, Catamayo y Loja.<\/li>\n<\/ol>\n<p><strong>Invitaci\u00f3n a la Comunidad<\/strong><br \/>\nLa Fundaci\u00f3n CAJE hace un llamado a todos los sectores de la sociedad para que se unan a este esfuerzo transformador, que no solo ofrece un refugio, sino tambi\u00e9n una oportunidad para reconstruir vidas con dignidad y esperanza.<\/p>\n<p><strong>Contacto para Medios:<\/strong><br \/>\nOficina Central de Fundaci\u00f3n CAJE<br \/>\nCatamayo 156-22 entre Eduardo Kingman y Sucre<br \/>\nWhatsApp: 0991483406<\/p>\n","protected":false},"excerpt":{"rendered":"<p>En un esfuerzo conjunto para abordar los desaf\u00edos derivados del creciente flujo migratorio en el&#8230;<\/p>\n","protected":false},"author":1,"featured_media":24414,"comment_status":"open","ping_status":"open","sticky":false,"template":"","format":"standard","meta":{"footnotes":""},"categories":[1,5],"tags":[],"class_list":["post-24413","post","type-post","status-publish","format-standard","has-post-thumbnail","hentry","category-inicio","category-loja"],"_links":{"self":[{"href":"https:\/\/www.lodelmomentoloja.com\/index.php?rest_route=\/wp\/v2\/posts\/24413"}],"collection":[{"href":"https:\/\/www.lodelmomentoloja.com\/index.php?rest_route=\/wp\/v2\/posts"}],"about":[{"href":"https:\/\/www.lodelmomentoloja.com\/index.php?rest_route=\/wp\/v2\/types\/post"}],"author":[{"embeddable":true,"href":"https:\/\/www.lodelmomentoloja.com\/index.php?rest_route=\/wp\/v2\/users\/1"}],"replies":[{"embeddable":true,"href":"https:\/\/www.lodelmomentoloja.com\/index.php?rest_route=%2Fwp%2Fv2%2Fcomments&post=24413"}],"version-history":[{"count":1,"href":"https:\/\/www.lodelmomentoloja.com\/index.php?rest_route=\/wp\/v2\/posts\/24413\/revisions"}],"predecessor-version":[{"id":24415,"href":"https:\/\/www.lodelmomentoloja.com\/index.php?rest_route=\/wp\/v2\/posts\/24413\/revisions\/24415"}],"wp:featuredmedia":[{"embeddable":true,"href":"https:\/\/www.lodelmomentoloja.com\/index.php?rest_route=\/wp\/v2\/media\/24414"}],"wp:attachment":[{"href":"https:\/\/www.lodelmomentoloja.com\/index.php?rest_route=%2Fwp%2Fv2%2Fmedia&parent=24413"}],"wp:term":[{"taxonomy":"category","embeddable":true,"href":"https:\/\/www.lodelmomentoloja.com\/index.php?rest_route=%2Fwp%2Fv2%2Fcategories&post=24413"},{"taxonomy":"post_tag","embeddable":true,"href":"https:\/\/www.lodelmomentoloja.com\/index.php?rest_route=%2Fwp%2Fv2%2Ftags&post=24413"}],"curies":[{"name":"wp","href":"https:\/\/api.w.org\/{rel}","templated":true}]}}