{"id":24393,"date":"2025-01-21T17:56:14","date_gmt":"2025-01-21T17:56:14","guid":{"rendered":"https:\/\/www.lodelmomentoloja.com\/?p=24393"},"modified":"2025-01-21T22:57:57","modified_gmt":"2025-01-21T22:57:57","slug":"colegio-de-abogados-de-loja-inaugura-su-nuevo-complejo-deportivo","status":"publish","type":"post","link":"https:\/\/www.lodelmomentoloja.com\/?p=24393","title":{"rendered":"Colegio de Abogados de Loja, inaugura su nuevo complejo deportivo."},"content":{"rendered":"<p>El pasado viernes 17 de enero de 2024, el Colegio de Abogados de Loja celebr\u00f3 con orgullo la inauguraci\u00f3n de su nuevo complejo deportivo, Dr. Bolivar Guerrero un espacio dise\u00f1ado para fomentar el deporte, la uni\u00f3n y el bienestar entre sus miembros y la comunidad lojana. Este evento emblem\u00e1tico cont\u00f3 con la destacada presencia del presidente del colegio, el Dr. Jos\u00e9 Silverio, quien lider\u00f3 el acto inaugural, destacando el compromiso de la instituci\u00f3n con el desarrollo integral de sus miembros.<\/p>\n<p>Entre los asistentes se encontraba Nikolay Aguirre, rector de la Universidad Nacional de Loja, quien resalt\u00f3 la importancia de este tipo de iniciativas para fortalecer los lazos entre el sector acad\u00e9mico y profesional. Tambi\u00e9n se dieron cita el colectivo de abogados de Loja descendientes directos de quien lleva el nombre dicho sal\u00f3n social y reconocidas figuras locales, quienes coincidieron en que este nuevo complejo deportivo representa un hito para la ciudad y una oportunidad para fortalecer el esp\u00edritu de comunidad.<\/p>\n<p>El complejo, adem\u00e1s de ser un espacio para la pr\u00e1ctica de diversas disciplinas deportivas, simboliza el esfuerzo conjunto y la visi\u00f3n del Colegio de Abogados de Loja por brindar un entorno que fomente la convivencia y la salud de sus integrantes. Este proyecto reafirma el liderazgo de la instituci\u00f3n como un referente no solo en el \u00e1mbito jur\u00eddico, sino tambi\u00e9n en su impacto social en la provincia<\/p>\n","protected":false},"excerpt":{"rendered":"<p>El pasado viernes 17 de enero de 2024, el Colegio de Abogados de Loja celebr\u00f3&#8230;<\/p>\n","protected":false},"author":1,"featured_media":24394,"comment_status":"open","ping_status":"open","sticky":false,"template":"","format":"standard","meta":{"footnotes":""},"categories":[7,1],"tags":[],"class_list":["post-24393","post","type-post","status-publish","format-standard","has-post-thumbnail","hentry","category-ecuador","category-inicio"],"_links":{"self":[{"href":"https:\/\/www.lodelmomentoloja.com\/index.php?rest_route=\/wp\/v2\/posts\/24393"}],"collection":[{"href":"https:\/\/www.lodelmomentoloja.com\/index.php?rest_route=\/wp\/v2\/posts"}],"about":[{"href":"https:\/\/www.lodelmomentoloja.com\/index.php?rest_route=\/wp\/v2\/types\/post"}],"author":[{"embeddable":true,"href":"https:\/\/www.lodelmomentoloja.com\/index.php?rest_route=\/wp\/v2\/users\/1"}],"replies":[{"embeddable":true,"href":"https:\/\/www.lodelmomentoloja.com\/index.php?rest_route=%2Fwp%2Fv2%2Fcomments&post=24393"}],"version-history":[{"count":1,"href":"https:\/\/www.lodelmomentoloja.com\/index.php?rest_route=\/wp\/v2\/posts\/24393\/revisions"}],"predecessor-version":[{"id":24395,"href":"https:\/\/www.lodelmomentoloja.com\/index.php?rest_route=\/wp\/v2\/posts\/24393\/revisions\/24395"}],"wp:featuredmedia":[{"embeddable":true,"href":"https:\/\/www.lodelmomentoloja.com\/index.php?rest_route=\/wp\/v2\/media\/24394"}],"wp:attachment":[{"href":"https:\/\/www.lodelmomentoloja.com\/index.php?rest_route=%2Fwp%2Fv2%2Fmedia&parent=24393"}],"wp:term":[{"taxonomy":"category","embeddable":true,"href":"https:\/\/www.lodelmomentoloja.com\/index.php?rest_route=%2Fwp%2Fv2%2Fcategories&post=24393"},{"taxonomy":"post_tag","embeddable":true,"href":"https:\/\/www.lodelmomentoloja.com\/index.php?rest_route=%2Fwp%2Fv2%2Ftags&post=24393"}],"curies":[{"name":"wp","href":"https:\/\/api.w.org\/{rel}","templated":true}]}}