{"id":2436,"date":"2021-02-11T06:00:04","date_gmt":"2021-02-11T06:00:04","guid":{"rendered":"http:\/\/www.lodelmomentoloja.com\/?p=2436"},"modified":"2021-02-11T12:55:23","modified_gmt":"2021-02-11T12:55:23","slug":"fiscalia-los-vinculara-por-peculado","status":"publish","type":"post","link":"https:\/\/www.lodelmomentoloja.com\/?p=2436","title":{"rendered":"FISCAL\u00cdA LOS VINCULAR\u00c1 POR PECULADO"},"content":{"rendered":"<div class=\"kvgmc6g5 cxmmr5t8 oygrvhab hcukyx3x c1et5uql ii04i59q\">\n<div dir=\"auto\">\n<p><a class=\"oajrlxb2 g5ia77u1 qu0x051f esr5mh6w e9989ue4 r7d6kgcz rq0escxv nhd2j8a9 nc684nl6 p7hjln8o kvgmc6g5 cxmmr5t8 oygrvhab hcukyx3x jb3vyjys rz4wbd8a qt6c0cv9 a8nywdso i1ao9s8h esuyzwwr f1sip0of lzcic4wl q66pz984 gpro0wi8 b1v8xokw\" tabindex=\"0\" role=\"link\" href=\"https:\/\/www.facebook.com\/hashtag\/quito?__eep__=6&amp;__cft__[0]=AZWzUsRggo7UlV6QS7bFQpgneB1vzsoJrQF0zJsHTfzoA2wkY-Kl8kVc6k6pZ06EIKEg3taMr94_JmI0sXtw-hjkPc_rGI_hU8CGOTgw9rW5afVEECWVx52scs4ohm-ZkvtYGfEBNmRXTB0P42yOKyMZ9gsLHU_ku0FOa0ZaQx_fSjeNj43OG4nt7gW4BuAcP6Y&amp;__tn__=*NK-R\">#Quito<\/a> | Fiscal\u00eda los vincular\u00e1 por peculado.<\/p>\n<\/div>\n<\/div>\n<div class=\"o9v6fnle cxmmr5t8 oygrvhab hcukyx3x c1et5uql ii04i59q\">\n<div dir=\"auto\">\n<p>Dentro de la instrucci\u00f3n fiscal por un presunto delito de peculado en la compra de pruebas para <a class=\"oajrlxb2 g5ia77u1 qu0x051f esr5mh6w e9989ue4 r7d6kgcz rq0escxv nhd2j8a9 nc684nl6 p7hjln8o kvgmc6g5 cxmmr5t8 oygrvhab hcukyx3x jb3vyjys rz4wbd8a qt6c0cv9 a8nywdso i1ao9s8h esuyzwwr f1sip0of lzcic4wl q66pz984 gpro0wi8 b1v8xokw\" tabindex=\"0\" role=\"link\" href=\"https:\/\/www.facebook.com\/hashtag\/covid_19?__eep__=6&amp;__cft__[0]=AZWzUsRggo7UlV6QS7bFQpgneB1vzsoJrQF0zJsHTfzoA2wkY-Kl8kVc6k6pZ06EIKEg3taMr94_JmI0sXtw-hjkPc_rGI_hU8CGOTgw9rW5afVEECWVx52scs4ohm-ZkvtYGfEBNmRXTB0P42yOKyMZ9gsLHU_ku0FOa0ZaQx_fSjeNj43OG4nt7gW4BuAcP6Y&amp;__tn__=*NK-R\">#Covid_19<\/a> por parte de la Secretar\u00eda de Salud de Quito, Fiscal\u00eda ha encontrado elementos de convicci\u00f3n suficientes sobre una presunta responsabilidad del alcalde de Quito Jorge Yunda.<\/p>\n<\/div>\n<\/div>\n<div class=\"o9v6fnle cxmmr5t8 oygrvhab hcukyx3x c1et5uql ii04i59q\">\n<div dir=\"auto\">\n<p>Por esta raz\u00f3n, se ha desplazado el proceso a la Fiscal\u00eda Provincial de Pichincha, a fin de que se solicite fecha y hora para su vinculaci\u00f3n al mismo.<\/p>\n<\/div>\n<\/div>\n<div class=\"o9v6fnle cxmmr5t8 oygrvhab hcukyx3x c1et5uql ii04i59q\">\n<div dir=\"auto\">El principal involucrado en este caso est\u00e1 pr\u00f3fugo mientras se ha pedido la vinculaci\u00f3n de al menos siete personas m\u00e1s.<\/div>\n<div dir=\"auto\"><span class=\"pq6dq46d tbxw36s4 knj5qynh kvgmc6g5 ditlmg2l oygrvhab nvdbi5me sf5mxxl7 gl3lb2sf hhz5lgdu\"><img loading=\"lazy\" decoding=\"async\" src=\"https:\/\/static.xx.fbcdn.net\/images\/emoji.php\/v9\/t63\/1.5\/16\/26a0.png\" alt=\"\u26a0\" width=\"16\" height=\"16\" \/><\/span> Ximena Abarca<\/div>\n<div dir=\"auto\"><span class=\"pq6dq46d tbxw36s4 knj5qynh kvgmc6g5 ditlmg2l oygrvhab nvdbi5me sf5mxxl7 gl3lb2sf hhz5lgdu\"><img loading=\"lazy\" decoding=\"async\" src=\"https:\/\/static.xx.fbcdn.net\/images\/emoji.php\/v9\/t63\/1.5\/16\/26a0.png\" alt=\"\u26a0\" width=\"16\" height=\"16\" \/><\/span> Linda Guam\u00e1n<\/div>\n<div dir=\"auto\"><span class=\"pq6dq46d tbxw36s4 knj5qynh kvgmc6g5 ditlmg2l oygrvhab nvdbi5me sf5mxxl7 gl3lb2sf hhz5lgdu\"><img loading=\"lazy\" decoding=\"async\" src=\"https:\/\/static.xx.fbcdn.net\/images\/emoji.php\/v9\/t63\/1.5\/16\/26a0.png\" alt=\"\u26a0\" width=\"16\" height=\"16\" \/><\/span> Daysi Hidalgo<\/div>\n<div dir=\"auto\"><span class=\"pq6dq46d tbxw36s4 knj5qynh kvgmc6g5 ditlmg2l oygrvhab nvdbi5me sf5mxxl7 gl3lb2sf hhz5lgdu\"><img loading=\"lazy\" decoding=\"async\" src=\"https:\/\/static.xx.fbcdn.net\/images\/emoji.php\/v9\/t63\/1.5\/16\/26a0.png\" alt=\"\u26a0\" width=\"16\" height=\"16\" \/><\/span> Jessica C\u00e1rdenas<\/div>\n<div dir=\"auto\"><span class=\"pq6dq46d tbxw36s4 knj5qynh kvgmc6g5 ditlmg2l oygrvhab nvdbi5me sf5mxxl7 gl3lb2sf hhz5lgdu\"><img loading=\"lazy\" decoding=\"async\" src=\"https:\/\/static.xx.fbcdn.net\/images\/emoji.php\/v9\/t63\/1.5\/16\/26a0.png\" alt=\"\u26a0\" width=\"16\" height=\"16\" \/><\/span> Erick Andrade<\/div>\n<div dir=\"auto\"><span class=\"pq6dq46d tbxw36s4 knj5qynh kvgmc6g5 ditlmg2l oygrvhab nvdbi5me sf5mxxl7 gl3lb2sf hhz5lgdu\"><img loading=\"lazy\" decoding=\"async\" src=\"https:\/\/static.xx.fbcdn.net\/images\/emoji.php\/v9\/t63\/1.5\/16\/26a0.png\" alt=\"\u26a0\" width=\"16\" height=\"16\" \/><\/span> Marco Rubio<\/div>\n<div dir=\"auto\"><span class=\"pq6dq46d tbxw36s4 knj5qynh kvgmc6g5 ditlmg2l oygrvhab nvdbi5me sf5mxxl7 gl3lb2sf hhz5lgdu\"><img loading=\"lazy\" decoding=\"async\" src=\"https:\/\/static.xx.fbcdn.net\/images\/emoji.php\/v9\/t63\/1.5\/16\/26a0.png\" alt=\"\u26a0\" width=\"16\" height=\"16\" \/><\/span> SALUMED S.A.<\/div>\n<\/div>\n<div class=\"o9v6fnle cxmmr5t8 oygrvhab hcukyx3x c1et5uql ii04i59q\">\n<div dir=\"auto\">Ahora est\u00e1n pr\u00f3fugos<\/div>\n<div dir=\"auto\"><span class=\"pq6dq46d tbxw36s4 knj5qynh kvgmc6g5 ditlmg2l oygrvhab nvdbi5me sf5mxxl7 gl3lb2sf hhz5lgdu\"><img loading=\"lazy\" decoding=\"async\" src=\"https:\/\/static.xx.fbcdn.net\/images\/emoji.php\/v9\/tc8\/1.5\/16\/1f6ab.png\" alt=\"\ud83d\udeab\" width=\"16\" height=\"16\" \/><\/span> Juan Vinelli (SALUDMED)<\/div>\n<div dir=\"auto\"><span class=\"pq6dq46d tbxw36s4 knj5qynh kvgmc6g5 ditlmg2l oygrvhab nvdbi5me sf5mxxl7 gl3lb2sf hhz5lgdu\"><img loading=\"lazy\" decoding=\"async\" src=\"https:\/\/static.xx.fbcdn.net\/images\/emoji.php\/v9\/tc8\/1.5\/16\/1f6ab.png\" alt=\"\ud83d\udeab\" width=\"16\" height=\"16\" \/><\/span> Lenin Mantilla (Secretario Salud DMQ)<\/div>\n<\/div>\n","protected":false},"excerpt":{"rendered":"<p>#Quito | Fiscal\u00eda los vincular\u00e1 por peculado. Dentro de la instrucci\u00f3n fiscal por un presunto&#8230;<\/p>\n","protected":false},"author":1,"featured_media":2437,"comment_status":"open","ping_status":"open","sticky":false,"template":"","format":"standard","meta":{"footnotes":""},"categories":[1],"tags":[],"class_list":["post-2436","post","type-post","status-publish","format-standard","has-post-thumbnail","hentry","category-inicio"],"_links":{"self":[{"href":"https:\/\/www.lodelmomentoloja.com\/index.php?rest_route=\/wp\/v2\/posts\/2436"}],"collection":[{"href":"https:\/\/www.lodelmomentoloja.com\/index.php?rest_route=\/wp\/v2\/posts"}],"about":[{"href":"https:\/\/www.lodelmomentoloja.com\/index.php?rest_route=\/wp\/v2\/types\/post"}],"author":[{"embeddable":true,"href":"https:\/\/www.lodelmomentoloja.com\/index.php?rest_route=\/wp\/v2\/users\/1"}],"replies":[{"embeddable":true,"href":"https:\/\/www.lodelmomentoloja.com\/index.php?rest_route=%2Fwp%2Fv2%2Fcomments&post=2436"}],"version-history":[{"count":2,"href":"https:\/\/www.lodelmomentoloja.com\/index.php?rest_route=\/wp\/v2\/posts\/2436\/revisions"}],"predecessor-version":[{"id":2439,"href":"https:\/\/www.lodelmomentoloja.com\/index.php?rest_route=\/wp\/v2\/posts\/2436\/revisions\/2439"}],"wp:featuredmedia":[{"embeddable":true,"href":"https:\/\/www.lodelmomentoloja.com\/index.php?rest_route=\/wp\/v2\/media\/2437"}],"wp:attachment":[{"href":"https:\/\/www.lodelmomentoloja.com\/index.php?rest_route=%2Fwp%2Fv2%2Fmedia&parent=2436"}],"wp:term":[{"taxonomy":"category","embeddable":true,"href":"https:\/\/www.lodelmomentoloja.com\/index.php?rest_route=%2Fwp%2Fv2%2Fcategories&post=2436"},{"taxonomy":"post_tag","embeddable":true,"href":"https:\/\/www.lodelmomentoloja.com\/index.php?rest_route=%2Fwp%2Fv2%2Ftags&post=2436"}],"curies":[{"name":"wp","href":"https:\/\/api.w.org\/{rel}","templated":true}]}}