{"id":24327,"date":"2025-01-17T08:30:59","date_gmt":"2025-01-17T08:30:59","guid":{"rendered":"https:\/\/www.lodelmomentoloja.com\/?p=24327"},"modified":"2025-01-17T15:56:46","modified_gmt":"2025-01-17T15:56:46","slug":"daniel-noboa-encarga-la-presidencia-una-vez-mas","status":"publish","type":"post","link":"https:\/\/www.lodelmomentoloja.com\/?p=24327","title":{"rendered":"Daniel Noboa encarga la presidencia una vez m\u00e1s"},"content":{"rendered":"<p>\ud83d\ude31\ud83d\udde3\ufe0f\ud83d\udcc4\u00a1Mediante decreto! El primer mandatario de Ecuador, Daniel Noboa, a trav\u00e9s del Decreto Ejecutivo 505, encarg\u00f3 la Presidencia de la Rep\u00fablica a Cynthia Gellibert Mora, secretaria de la Administraci\u00f3n y a quien design\u00f3 previamente como vicepresidenta encargada, para retomar la campa\u00f1a electoral. La medida rige desde &#8220;las 18:00 del d\u00eda jueves 16 de enero de 2025 hasta las 22:00 del d\u00eda domingo 19 de enero de 2025&#8221;, ws decir, hasta la fecha prevista para el debate obligatorio de los candidatos a la Presidencia.<\/p>\n<p>\ud83c\udf10\ud83d\udc49\ud83c\udffb S\u00edguenos en la web lodelmomentoloja.com<br \/>\n<a class=\"x1i10hfl xjbqb8w x1ejq31n xd10rxx x1sy0etr x17r0tee x972fbf xcfux6l x1qhh985 xm0m39n x9f619 x1ypdohk xt0psk2 xe8uvvx xdj266r x11i5rnm xat24cr x1mh8g0r xexx8yu x4uap5 x18d9i69 xkhd6sd x16tdsg8 x1hl2dhg xggy1nq x1a2a7pz  _aa9_ _a6hd\" tabindex=\"0\" role=\"link\" href=\"https:\/\/www.instagram.com\/explore\/tags\/ldmnoticias\/\">#LDMnoticias<\/a>\u00a0<a class=\"x1i10hfl xjbqb8w x1ejq31n xd10rxx x1sy0etr x17r0tee x972fbf xcfux6l x1qhh985 xm0m39n x9f619 x1ypdohk xt0psk2 xe8uvvx xdj266r x11i5rnm xat24cr x1mh8g0r xexx8yu x4uap5 x18d9i69 xkhd6sd x16tdsg8 x1hl2dhg xggy1nq x1a2a7pz  _aa9_ _a6hd\" tabindex=\"0\" role=\"link\" href=\"https:\/\/www.instagram.com\/explore\/tags\/lodelmomentolojaldm\/\">#lodelmomentolojaLDM<\/a><\/p>\n","protected":false},"excerpt":{"rendered":"<p>\ud83d\ude31\ud83d\udde3\ufe0f\ud83d\udcc4\u00a1Mediante decreto! El primer mandatario de Ecuador, Daniel Noboa, a trav\u00e9s del Decreto Ejecutivo 505,&#8230;<\/p>\n","protected":false},"author":1,"featured_media":24328,"comment_status":"open","ping_status":"open","sticky":false,"template":"","format":"standard","meta":{"footnotes":""},"categories":[7,1,5],"tags":[],"class_list":["post-24327","post","type-post","status-publish","format-standard","has-post-thumbnail","hentry","category-ecuador","category-inicio","category-loja"],"_links":{"self":[{"href":"https:\/\/www.lodelmomentoloja.com\/index.php?rest_route=\/wp\/v2\/posts\/24327"}],"collection":[{"href":"https:\/\/www.lodelmomentoloja.com\/index.php?rest_route=\/wp\/v2\/posts"}],"about":[{"href":"https:\/\/www.lodelmomentoloja.com\/index.php?rest_route=\/wp\/v2\/types\/post"}],"author":[{"embeddable":true,"href":"https:\/\/www.lodelmomentoloja.com\/index.php?rest_route=\/wp\/v2\/users\/1"}],"replies":[{"embeddable":true,"href":"https:\/\/www.lodelmomentoloja.com\/index.php?rest_route=%2Fwp%2Fv2%2Fcomments&post=24327"}],"version-history":[{"count":1,"href":"https:\/\/www.lodelmomentoloja.com\/index.php?rest_route=\/wp\/v2\/posts\/24327\/revisions"}],"predecessor-version":[{"id":24329,"href":"https:\/\/www.lodelmomentoloja.com\/index.php?rest_route=\/wp\/v2\/posts\/24327\/revisions\/24329"}],"wp:featuredmedia":[{"embeddable":true,"href":"https:\/\/www.lodelmomentoloja.com\/index.php?rest_route=\/wp\/v2\/media\/24328"}],"wp:attachment":[{"href":"https:\/\/www.lodelmomentoloja.com\/index.php?rest_route=%2Fwp%2Fv2%2Fmedia&parent=24327"}],"wp:term":[{"taxonomy":"category","embeddable":true,"href":"https:\/\/www.lodelmomentoloja.com\/index.php?rest_route=%2Fwp%2Fv2%2Fcategories&post=24327"},{"taxonomy":"post_tag","embeddable":true,"href":"https:\/\/www.lodelmomentoloja.com\/index.php?rest_route=%2Fwp%2Fv2%2Ftags&post=24327"}],"curies":[{"name":"wp","href":"https:\/\/api.w.org\/{rel}","templated":true}]}}