{"id":24244,"date":"2025-01-13T11:50:39","date_gmt":"2025-01-13T11:50:39","guid":{"rendered":"https:\/\/www.lodelmomentoloja.com\/?p=24244"},"modified":"2025-01-13T18:20:21","modified_gmt":"2025-01-13T18:20:21","slug":"conoce-sobre-el-primer-debate-vicepresidencial-en-el-ecuador-de-los-candidatos","status":"publish","type":"post","link":"https:\/\/www.lodelmomentoloja.com\/?p=24244","title":{"rendered":"Conoce sobre el primer Debate Vicepresidencial en el Ecuador de los candidatos."},"content":{"rendered":"<p>\ud83c\uddea\ud83c\udde8\ud83d\udde3\ufe0f\ud83d\udc49 \u00a1Debate Vicepresidencial! Ecuador fue testigo del primer debate en el que participaron 14 de os 16 candidatos rumbo a las elecciones del 09 de febrero. El evento se desarroll\u00f3 la noche del domingo 12 de enero en la Universidad Bolivariana de Guayaquil. El debate no solo se destac\u00f3 por presentaci\u00f3n de diversas propuestas, ya que tambi\u00e9n estuvo marcada por ausencias, cr\u00edticas y un sismo que conmocion\u00f3 a los presentes.<\/p>\n<div style=\"width: 640px;\" class=\"wp-video\"><!--[if lt IE 9]><script>document.createElement('video');<\/script><![endif]-->\n<video class=\"wp-video-shortcode\" id=\"video-24244-1\" width=\"640\" height=\"360\" preload=\"metadata\" controls=\"controls\"><source type=\"video\/mp4\" src=\"http:\/\/www.lodelmomentoloja.com\/wp-content\/uploads\/2025\/01\/DEBATE-VICEPRESIDENCIAL-REDUCIDO.mp4?_=1\" \/><a href=\"http:\/\/www.lodelmomentoloja.com\/wp-content\/uploads\/2025\/01\/DEBATE-VICEPRESIDENCIAL-REDUCIDO.mp4\">http:\/\/www.lodelmomentoloja.com\/wp-content\/uploads\/2025\/01\/DEBATE-VICEPRESIDENCIAL-REDUCIDO.mp4<\/a><\/video><\/div>\n<p>&nbsp;<\/p>\n<p>Entre los grandes ausentes estuvieron Mar\u00eda Jos\u00e9 Pinto del movimiento de Gobierno ADN y Galo Moncayo de PSP, lista 3. Los aspirantes estuvieron divididos en dos bloques, el primero, conformado por Carla Larrea de Construye, Cristina Reyes del movimiento Amigo, Katiuska Molina de PachaKutik, Karla Rosero de Avanza, Blanca Sacancela de CREO, Luisa Coello de Democracia S\u00ed y Ver\u00f3nica Silva del Partido Socialista Ecuatoriano (PSE); mientras que la segunda tanda la integraron Luc\u00eda Vallecilla de Centro Democr\u00e1tico, Alejandra Rivas de Izquierda Democr\u00e1tica, In\u00e9s D\u00edaz de SUMA, Dallyana Passailaigue (Paslegui) de PSC, Pacha Ter\u00e1n de Unidad Popular, Diego Boja de la Revoluci\u00f3n Ciudadana y Cristina Carrera candidata del PID.<\/p>\n<p>Aqu\u00ed se abordaron 3 ejes tem\u00e1ticos en dos bloques de 7 aspirantes cada uno: Funciones en la Vicepresidencia, Seguridad y Econom\u00eda y Desarrollo.<\/p>\n<p>La tem\u00e1tica de seguridad fue la que gener\u00f3 mayor controversia, pues los candidatos la vicepresidencia, mantienen en sus propuestas la pena de mv3rt3, intervenci\u00f3n social, el trabajo de los ppl\u2019s y otras alternativas que, seg\u00fan mencionaron, contribuir\u00e1n al fortalecimiento de la seguridad.<\/p>\n<p>La candidata de CREO, Blanca Sacancela, propuso la \u2018pena de mv3rt3 para los jueces corruptos\u2019, sin embargo, ratific\u00f3 que su planteamiento se centra en la cadena perpetua. En el caso de la aspirante por Democracia S\u00ed, expres\u00f3 la importancia de que las personas privadas de la libertad trabajen para pagar su alimentaci\u00f3n. Por su parte la candidata Cristina Reyes no solo cuestion\u00f3 la ausencia de Mar\u00eda Jos\u00e9 Pinto, adem\u00e1s, describi\u00f3 su plan \u2018Mi \u00f1a\u00f1o\u2019 el cual consiste en programas sociales para la prevenci\u00f3n de que los menores sean reclutados por las mafias.<\/p>\n<p>Los otros candidatos enmarcaron su propuesta en planes de intervenci\u00f3n social e inversi\u00f3n en otros sectores para incentivar a los j\u00f3venes a buscar nuevas rutas.<\/p>\n<p>De igual manera, los candidatos plantearon sus planes de trabajo con los otros dos ejes. Cada candidato tuvo 1min 15 seg para responder las preguntas planteadas por los moderados. Posteriormente, tuvieron 15 seg para responder las interpelaciones y 25 seg finales para cerrar su intervenci\u00f3n.<\/p>\n<p>Cumpliendo con el cronograma electoral, el Debate Presidencial se llevar\u00e1 a cabo el pr\u00f3ximo 19 de enero de 2025, all\u00ed los candidatos a la Presidencia de la Rep\u00fablica presentar\u00e1n sus propuestas en caso de ganar las elecciones.<\/p>\n<p>\ud83d\udcf2\u25b6\ufe0f Ver video completo en Youtube: https:\/\/youtu.be\/dQ_gV-hDwmg<\/p>\n<p>\ud83c\udf10\ud83d\udc49\ud83c\udffb S\u00edguenos en la web lodelmomentoloja.com<br \/>\n#LDMnoticias #lodelmomentolojaLDM<\/p>\n","protected":false},"excerpt":{"rendered":"<p>\ud83c\uddea\ud83c\udde8\ud83d\udde3\ufe0f\ud83d\udc49 \u00a1Debate Vicepresidencial! Ecuador fue testigo del primer debate en el que participaron 14 de&#8230;<\/p>\n","protected":false},"author":1,"featured_media":24246,"comment_status":"open","ping_status":"open","sticky":false,"template":"","format":"standard","meta":{"footnotes":""},"categories":[7,1,5],"tags":[],"class_list":["post-24244","post","type-post","status-publish","format-standard","has-post-thumbnail","hentry","category-ecuador","category-inicio","category-loja"],"_links":{"self":[{"href":"https:\/\/www.lodelmomentoloja.com\/index.php?rest_route=\/wp\/v2\/posts\/24244"}],"collection":[{"href":"https:\/\/www.lodelmomentoloja.com\/index.php?rest_route=\/wp\/v2\/posts"}],"about":[{"href":"https:\/\/www.lodelmomentoloja.com\/index.php?rest_route=\/wp\/v2\/types\/post"}],"author":[{"embeddable":true,"href":"https:\/\/www.lodelmomentoloja.com\/index.php?rest_route=\/wp\/v2\/users\/1"}],"replies":[{"embeddable":true,"href":"https:\/\/www.lodelmomentoloja.com\/index.php?rest_route=%2Fwp%2Fv2%2Fcomments&post=24244"}],"version-history":[{"count":1,"href":"https:\/\/www.lodelmomentoloja.com\/index.php?rest_route=\/wp\/v2\/posts\/24244\/revisions"}],"predecessor-version":[{"id":24247,"href":"https:\/\/www.lodelmomentoloja.com\/index.php?rest_route=\/wp\/v2\/posts\/24244\/revisions\/24247"}],"wp:featuredmedia":[{"embeddable":true,"href":"https:\/\/www.lodelmomentoloja.com\/index.php?rest_route=\/wp\/v2\/media\/24246"}],"wp:attachment":[{"href":"https:\/\/www.lodelmomentoloja.com\/index.php?rest_route=%2Fwp%2Fv2%2Fmedia&parent=24244"}],"wp:term":[{"taxonomy":"category","embeddable":true,"href":"https:\/\/www.lodelmomentoloja.com\/index.php?rest_route=%2Fwp%2Fv2%2Fcategories&post=24244"},{"taxonomy":"post_tag","embeddable":true,"href":"https:\/\/www.lodelmomentoloja.com\/index.php?rest_route=%2Fwp%2Fv2%2Ftags&post=24244"}],"curies":[{"name":"wp","href":"https:\/\/api.w.org\/{rel}","templated":true}]}}