{"id":24239,"date":"2025-01-13T13:06:59","date_gmt":"2025-01-13T13:06:59","guid":{"rendered":"https:\/\/www.lodelmomentoloja.com\/?p=24239"},"modified":"2025-01-13T18:09:18","modified_gmt":"2025-01-13T18:09:18","slug":"resultado-de-sorteo-para-el-debate-presidencial-2025","status":"publish","type":"post","link":"https:\/\/www.lodelmomentoloja.com\/?p=24239","title":{"rendered":"Resultado de sorteo para el debate presidencial 2025"},"content":{"rendered":"<p>\ud83c\uddea\ud83c\udde8\ud83d\udde3\ufe0f\u2705 \u00a1Cara a cara! Durante horas de la ma\u00f1ana de este 13 de enero, se efectu\u00f3 el sorteo p\u00fablico del debate presidencial 2025, en los cuales se registraron dos grupos, de ocho candidatos presidenciales cada uno, el mismo tendr\u00e1 tres ejes tem\u00e1ticos, tales como: Seguridad y prevenci\u00f3n del crimen, Eficiencia del Estado y Servicios p\u00fablicos, Crecimiento econ\u00f3mico y generaci\u00f3n de empleo.<\/p>\n<p>\ud83d\udd38Primer Grupo: Henry Cucal\u00f3n (Construye), Jimmy Jairala (Centro Democr\u00e1tico), Francesco Tabacchi (CREO), Jorge Escala (Unidad Popular), Henry Kronfle (PSC), Luis Felipe Tiller\u00eda (Avanza), Juan Cueva (Amigo) y Daniel Noboa (ADN).<\/p>\n<p><img loading=\"lazy\" decoding=\"async\" class=\"alignnone size-medium wp-image-24240\" src=\"http:\/\/www.lodelmomentoloja.com\/wp-content\/uploads\/2025\/01\/IMG-20250113-WA0046-266x300.jpg\" alt=\"\" width=\"266\" height=\"300\" srcset=\"https:\/\/www.lodelmomentoloja.com\/wp-content\/uploads\/2025\/01\/IMG-20250113-WA0046-266x300.jpg 266w, https:\/\/www.lodelmomentoloja.com\/wp-content\/uploads\/2025\/01\/IMG-20250113-WA0046-906x1024.jpg 906w, https:\/\/www.lodelmomentoloja.com\/wp-content\/uploads\/2025\/01\/IMG-20250113-WA0046-768x868.jpg 768w, https:\/\/www.lodelmomentoloja.com\/wp-content\/uploads\/2025\/01\/IMG-20250113-WA0046-640x723.jpg 640w, https:\/\/www.lodelmomentoloja.com\/wp-content\/uploads\/2025\/01\/IMG-20250113-WA0046-1359x1536.jpg 1359w, https:\/\/www.lodelmomentoloja.com\/wp-content\/uploads\/2025\/01\/IMG-20250113-WA0046-1024x1157.jpg 1024w, https:\/\/www.lodelmomentoloja.com\/wp-content\/uploads\/2025\/01\/IMG-20250113-WA0046.jpg 1416w\" sizes=\"(max-width: 266px) 100vw, 266px\" \/><\/p>\n<p>\ud83d\udd38 Segundo Grupo: Enrique G\u00f3mez (SUMA), Luisa Gonz\u00e1lez (RC), Carlos Rabascall (ID), Andrea Gonz\u00e1lez (PSP), Pedro Granja (PSE), Iv\u00e1n Saquicela (Democracia S\u00ed), Leonidas Iza (Pachakutik) y V\u00edctor Arauz (PID).<\/p>\n<p><img loading=\"lazy\" decoding=\"async\" class=\"alignnone size-medium wp-image-24241\" src=\"http:\/\/www.lodelmomentoloja.com\/wp-content\/uploads\/2025\/01\/IMG-20250113-WA0045-266x300.jpg\" alt=\"\" width=\"266\" height=\"300\" srcset=\"https:\/\/www.lodelmomentoloja.com\/wp-content\/uploads\/2025\/01\/IMG-20250113-WA0045-266x300.jpg 266w, https:\/\/www.lodelmomentoloja.com\/wp-content\/uploads\/2025\/01\/IMG-20250113-WA0045-906x1024.jpg 906w, https:\/\/www.lodelmomentoloja.com\/wp-content\/uploads\/2025\/01\/IMG-20250113-WA0045-768x868.jpg 768w, https:\/\/www.lodelmomentoloja.com\/wp-content\/uploads\/2025\/01\/IMG-20250113-WA0045-640x723.jpg 640w, https:\/\/www.lodelmomentoloja.com\/wp-content\/uploads\/2025\/01\/IMG-20250113-WA0045-1359x1536.jpg 1359w, https:\/\/www.lodelmomentoloja.com\/wp-content\/uploads\/2025\/01\/IMG-20250113-WA0045-1024x1157.jpg 1024w, https:\/\/www.lodelmomentoloja.com\/wp-content\/uploads\/2025\/01\/IMG-20250113-WA0045.jpg 1416w\" sizes=\"(max-width: 266px) 100vw, 266px\" \/><\/p>\n<p>\ud83c\udf10\ud83d\udc49\ud83c\udffb S\u00edguenos en la web lodelmomentoloja.com<br \/>\n#LDMnoticias #lodelmomentolojaLDM<\/p>\n","protected":false},"excerpt":{"rendered":"<p>\ud83c\uddea\ud83c\udde8\ud83d\udde3\ufe0f\u2705 \u00a1Cara a cara! Durante horas de la ma\u00f1ana de este 13 de enero, se&#8230;<\/p>\n","protected":false},"author":1,"featured_media":24242,"comment_status":"open","ping_status":"open","sticky":false,"template":"","format":"standard","meta":{"footnotes":""},"categories":[7,1,5],"tags":[],"class_list":["post-24239","post","type-post","status-publish","format-standard","has-post-thumbnail","hentry","category-ecuador","category-inicio","category-loja"],"_links":{"self":[{"href":"https:\/\/www.lodelmomentoloja.com\/index.php?rest_route=\/wp\/v2\/posts\/24239"}],"collection":[{"href":"https:\/\/www.lodelmomentoloja.com\/index.php?rest_route=\/wp\/v2\/posts"}],"about":[{"href":"https:\/\/www.lodelmomentoloja.com\/index.php?rest_route=\/wp\/v2\/types\/post"}],"author":[{"embeddable":true,"href":"https:\/\/www.lodelmomentoloja.com\/index.php?rest_route=\/wp\/v2\/users\/1"}],"replies":[{"embeddable":true,"href":"https:\/\/www.lodelmomentoloja.com\/index.php?rest_route=%2Fwp%2Fv2%2Fcomments&post=24239"}],"version-history":[{"count":1,"href":"https:\/\/www.lodelmomentoloja.com\/index.php?rest_route=\/wp\/v2\/posts\/24239\/revisions"}],"predecessor-version":[{"id":24243,"href":"https:\/\/www.lodelmomentoloja.com\/index.php?rest_route=\/wp\/v2\/posts\/24239\/revisions\/24243"}],"wp:featuredmedia":[{"embeddable":true,"href":"https:\/\/www.lodelmomentoloja.com\/index.php?rest_route=\/wp\/v2\/media\/24242"}],"wp:attachment":[{"href":"https:\/\/www.lodelmomentoloja.com\/index.php?rest_route=%2Fwp%2Fv2%2Fmedia&parent=24239"}],"wp:term":[{"taxonomy":"category","embeddable":true,"href":"https:\/\/www.lodelmomentoloja.com\/index.php?rest_route=%2Fwp%2Fv2%2Fcategories&post=24239"},{"taxonomy":"post_tag","embeddable":true,"href":"https:\/\/www.lodelmomentoloja.com\/index.php?rest_route=%2Fwp%2Fv2%2Ftags&post=24239"}],"curies":[{"name":"wp","href":"https:\/\/api.w.org\/{rel}","templated":true}]}}