{"id":24180,"date":"2025-01-09T12:02:18","date_gmt":"2025-01-09T12:02:18","guid":{"rendered":"https:\/\/www.lodelmomentoloja.com\/?p=24180"},"modified":"2025-01-09T17:03:52","modified_gmt":"2025-01-09T17:03:52","slug":"jose-pepe-mujica-se-despide-tras-anunciar-que-el-cancer-se-expandio","status":"publish","type":"post","link":"https:\/\/www.lodelmomentoloja.com\/?p=24180","title":{"rendered":"Jos\u00e9 &#8216;Pepe&#8217; Mujica se despide tras anunciar que el c\u00e1ncer se expandi\u00f3"},"content":{"rendered":"<p>\u00a1Triste noticia! El expresidente de Uruguay Jos\u00e9 Mujica asegur\u00f3 en una entrevista que se est\u00e1 &#8220;mvr13nd0&#8221; esto debido a que el c\u00e1ncer que le fue descubierto en el es\u00f3fago ahora le est\u00e1 &#8220;colonizando&#8221; el h\u00edgado, a su vez, el exmandatario anunci\u00f3 que no va a someterse a tratamientos ni pasar por el quir\u00f3fano, porque su cuerpo &#8220;no aguanta m\u00e1s&#8221;.<\/p>\n<p>\u201cLo que quiero es despedirme de mis compatriotas. Es f\u00e1cil tener respeto para los que piensan parecido a uno, pero hay que aprender que el fundamento de la democracia es el respeto a los que piensan distinto. Por eso, la primera categor\u00eda son mis compatriotas y de ellos me despido. Le doy un abrazo a todos\u201d &#8211; Palabras de Jos\u00e9 Pepe Mujica.<\/p>\n<p>\ud83c\udf10\ud83d\udc49\ud83c\udffb S\u00edguenos en la web lodelmomentoloja.com<br \/>\n#LDMnoticias #lodelmomentolojaLDM<\/p>\n","protected":false},"excerpt":{"rendered":"<p>\u00a1Triste noticia! El expresidente de Uruguay Jos\u00e9 Mujica asegur\u00f3 en una entrevista que se est\u00e1&#8230;<\/p>\n","protected":false},"author":1,"featured_media":24181,"comment_status":"open","ping_status":"open","sticky":false,"template":"","format":"standard","meta":{"footnotes":""},"categories":[7,1,4],"tags":[],"class_list":["post-24180","post","type-post","status-publish","format-standard","has-post-thumbnail","hentry","category-ecuador","category-inicio","category-internacional"],"_links":{"self":[{"href":"https:\/\/www.lodelmomentoloja.com\/index.php?rest_route=\/wp\/v2\/posts\/24180"}],"collection":[{"href":"https:\/\/www.lodelmomentoloja.com\/index.php?rest_route=\/wp\/v2\/posts"}],"about":[{"href":"https:\/\/www.lodelmomentoloja.com\/index.php?rest_route=\/wp\/v2\/types\/post"}],"author":[{"embeddable":true,"href":"https:\/\/www.lodelmomentoloja.com\/index.php?rest_route=\/wp\/v2\/users\/1"}],"replies":[{"embeddable":true,"href":"https:\/\/www.lodelmomentoloja.com\/index.php?rest_route=%2Fwp%2Fv2%2Fcomments&post=24180"}],"version-history":[{"count":1,"href":"https:\/\/www.lodelmomentoloja.com\/index.php?rest_route=\/wp\/v2\/posts\/24180\/revisions"}],"predecessor-version":[{"id":24182,"href":"https:\/\/www.lodelmomentoloja.com\/index.php?rest_route=\/wp\/v2\/posts\/24180\/revisions\/24182"}],"wp:featuredmedia":[{"embeddable":true,"href":"https:\/\/www.lodelmomentoloja.com\/index.php?rest_route=\/wp\/v2\/media\/24181"}],"wp:attachment":[{"href":"https:\/\/www.lodelmomentoloja.com\/index.php?rest_route=%2Fwp%2Fv2%2Fmedia&parent=24180"}],"wp:term":[{"taxonomy":"category","embeddable":true,"href":"https:\/\/www.lodelmomentoloja.com\/index.php?rest_route=%2Fwp%2Fv2%2Fcategories&post=24180"},{"taxonomy":"post_tag","embeddable":true,"href":"https:\/\/www.lodelmomentoloja.com\/index.php?rest_route=%2Fwp%2Fv2%2Ftags&post=24180"}],"curies":[{"name":"wp","href":"https:\/\/api.w.org\/{rel}","templated":true}]}}