{"id":24175,"date":"2025-01-09T10:23:54","date_gmt":"2025-01-09T10:23:54","guid":{"rendered":"https:\/\/www.lodelmomentoloja.com\/?p=24175"},"modified":"2025-01-09T15:30:57","modified_gmt":"2025-01-09T15:30:57","slug":"fuertes-lluvias-en-loja-provocan-inundaciones-en-varias-zonas-de-la-urbe","status":"publish","type":"post","link":"https:\/\/www.lodelmomentoloja.com\/?p=24175","title":{"rendered":"Fuertes lluvias en Loja provocan inundaciones en varias zonas de la urbe"},"content":{"rendered":"<p><img loading=\"lazy\" decoding=\"async\" class=\"alignnone size-medium wp-image-24176\" src=\"http:\/\/www.lodelmomentoloja.com\/wp-content\/uploads\/2025\/01\/WhatsApp-Image-2025-01-09-at-10.17.00-AM-1-300x169.jpeg\" alt=\"\" width=\"300\" height=\"169\" srcset=\"https:\/\/www.lodelmomentoloja.com\/wp-content\/uploads\/2025\/01\/WhatsApp-Image-2025-01-09-at-10.17.00-AM-1-300x169.jpeg 300w, https:\/\/www.lodelmomentoloja.com\/wp-content\/uploads\/2025\/01\/WhatsApp-Image-2025-01-09-at-10.17.00-AM-1-1024x576.jpeg 1024w, https:\/\/www.lodelmomentoloja.com\/wp-content\/uploads\/2025\/01\/WhatsApp-Image-2025-01-09-at-10.17.00-AM-1-768x432.jpeg 768w, https:\/\/www.lodelmomentoloja.com\/wp-content\/uploads\/2025\/01\/WhatsApp-Image-2025-01-09-at-10.17.00-AM-1-640x360.jpeg 640w, https:\/\/www.lodelmomentoloja.com\/wp-content\/uploads\/2025\/01\/WhatsApp-Image-2025-01-09-at-10.17.00-AM-1-1536x864.jpeg 1536w, https:\/\/www.lodelmomentoloja.com\/wp-content\/uploads\/2025\/01\/WhatsApp-Image-2025-01-09-at-10.17.00-AM-1.jpeg 1600w\" sizes=\"(max-width: 300px) 100vw, 300px\" \/><\/p>\n<p>\ud83d\udea8\u26c8\ufe0f\ud83d\ude31 \u00a1Torrencial aguacero! Un torrencial aguacero azot\u00f3 a Loja la tarde del mi\u00e9rcoles 08 de enero provocando inundaciones en el casco c\u00e9ntrico de la ciudad y otros sectores de la urbe. Seg\u00fan los reportes preliminares, el colapso de las alcantarillas deriv\u00f3 en la inundaci\u00f3n de viviendas, patios y calles dificultando el tr\u00e1nsito vehicular y peatonal.<\/p>\n<div style=\"width: 640px;\" class=\"wp-video\"><!--[if lt IE 9]><script>document.createElement('video');<\/script><![endif]-->\n<video class=\"wp-video-shortcode\" id=\"video-24175-1\" width=\"640\" height=\"360\" preload=\"metadata\" controls=\"controls\"><source type=\"video\/mp4\" src=\"http:\/\/www.lodelmomentoloja.com\/wp-content\/uploads\/2025\/01\/LLUVIAS-EN-LOJA-REDUCIDO.mp4?_=1\" \/><a href=\"http:\/\/www.lodelmomentoloja.com\/wp-content\/uploads\/2025\/01\/LLUVIAS-EN-LOJA-REDUCIDO.mp4\">http:\/\/www.lodelmomentoloja.com\/wp-content\/uploads\/2025\/01\/LLUVIAS-EN-LOJA-REDUCIDO.mp4<\/a><\/video><\/div>\n<p>Usuarios en redes sociales compartieron im\u00e1genes y videos evidenciando el suceso que conmocion\u00f3 a la colectividad lojana.<\/p>\n<p>El Cuerpo de Bomberos de Loja inform\u00f3 que algunas de las zonas afectadas fueron el sector Zoilo Rodr\u00edguez, Ciudad Alegr\u00eda, Ciudad Victoria, Zona Militar, Sauces Norte, La Paz, Mercado Mayorista, Puerta de la Ciudad, La Inmaculada y la V\u00eda Occidental de Paso, por lo que desplegaron personal para atender la emergencia relacionadas con la acumulaci\u00f3n de agua y otros incidentes provocados por las lluvias.<\/p>\n<p>Las autoridades han recomendado a la ciudadan\u00eda mantenerse alerta ante posibles precipitaciones adicionales, dado que el pron\u00f3stico meteorol\u00f3gico indica la continuidad del aguacero en las pr\u00f3ximas horas, pues el Inamhi prev\u00e9 un incremento del nivel de agua con riesgo de posibles deslaves que no solamente podr\u00edan afectar a la provincia de Loja sino tambi\u00e9n, Esmeraldas, Manab\u00ed, El Oro, Azuay, Pichincha, Imbabura y Carchi; mientras tanto la Secretaria de Gesti\u00f3n de Riesgos inform\u00f3 sobre la activaci\u00f3n de un plan de atenci\u00f3n urgente en las provincias donde las fuertes lluvias ocasiones estragos.<\/p>\n<p>\ud83d\udcf2\u25b6\ufe0f Ver video completo en Youtube: https:\/\/youtu.be\/_5eRtOtD2tM<\/p>\n<p>\ud83c\udf10\ud83d\udc49 S\u00edguenos en nuestra p\u00e1gina web: www.lodelmomentoloja.com<br \/>\n#LDMnoticias #lodelmomentolojaLDM<\/p>\n","protected":false},"excerpt":{"rendered":"<p>\ud83d\udea8\u26c8\ufe0f\ud83d\ude31 \u00a1Torrencial aguacero! Un torrencial aguacero azot\u00f3 a Loja la tarde del mi\u00e9rcoles 08 de&#8230;<\/p>\n","protected":false},"author":1,"featured_media":24178,"comment_status":"open","ping_status":"open","sticky":false,"template":"","format":"standard","meta":{"footnotes":""},"categories":[1,5],"tags":[],"class_list":["post-24175","post","type-post","status-publish","format-standard","has-post-thumbnail","hentry","category-inicio","category-loja"],"_links":{"self":[{"href":"https:\/\/www.lodelmomentoloja.com\/index.php?rest_route=\/wp\/v2\/posts\/24175"}],"collection":[{"href":"https:\/\/www.lodelmomentoloja.com\/index.php?rest_route=\/wp\/v2\/posts"}],"about":[{"href":"https:\/\/www.lodelmomentoloja.com\/index.php?rest_route=\/wp\/v2\/types\/post"}],"author":[{"embeddable":true,"href":"https:\/\/www.lodelmomentoloja.com\/index.php?rest_route=\/wp\/v2\/users\/1"}],"replies":[{"embeddable":true,"href":"https:\/\/www.lodelmomentoloja.com\/index.php?rest_route=%2Fwp%2Fv2%2Fcomments&post=24175"}],"version-history":[{"count":1,"href":"https:\/\/www.lodelmomentoloja.com\/index.php?rest_route=\/wp\/v2\/posts\/24175\/revisions"}],"predecessor-version":[{"id":24179,"href":"https:\/\/www.lodelmomentoloja.com\/index.php?rest_route=\/wp\/v2\/posts\/24175\/revisions\/24179"}],"wp:featuredmedia":[{"embeddable":true,"href":"https:\/\/www.lodelmomentoloja.com\/index.php?rest_route=\/wp\/v2\/media\/24178"}],"wp:attachment":[{"href":"https:\/\/www.lodelmomentoloja.com\/index.php?rest_route=%2Fwp%2Fv2%2Fmedia&parent=24175"}],"wp:term":[{"taxonomy":"category","embeddable":true,"href":"https:\/\/www.lodelmomentoloja.com\/index.php?rest_route=%2Fwp%2Fv2%2Fcategories&post=24175"},{"taxonomy":"post_tag","embeddable":true,"href":"https:\/\/www.lodelmomentoloja.com\/index.php?rest_route=%2Fwp%2Fv2%2Ftags&post=24175"}],"curies":[{"name":"wp","href":"https:\/\/api.w.org\/{rel}","templated":true}]}}