{"id":24125,"date":"2025-01-07T11:49:16","date_gmt":"2025-01-07T11:49:16","guid":{"rendered":"https:\/\/www.lodelmomentoloja.com\/?p=24125"},"modified":"2025-01-07T17:01:19","modified_gmt":"2025-01-07T17:01:19","slug":"padres-de-menores-d3s4p4r3c1d0s-piden-una-reparacion-integral","status":"publish","type":"post","link":"https:\/\/www.lodelmomentoloja.com\/?p=24125","title":{"rendered":"Padres de menores d3s4p4r3c1d0s piden una reparaci\u00f3n integral"},"content":{"rendered":"<p><img loading=\"lazy\" decoding=\"async\" class=\"alignnone size-medium wp-image-24126\" src=\"http:\/\/www.lodelmomentoloja.com\/wp-content\/uploads\/2025\/01\/WhatsApp-Image-2025-01-07-at-11.26.36-AM-300x169.jpeg\" alt=\"\" width=\"300\" height=\"169\" srcset=\"https:\/\/www.lodelmomentoloja.com\/wp-content\/uploads\/2025\/01\/WhatsApp-Image-2025-01-07-at-11.26.36-AM-300x169.jpeg 300w, https:\/\/www.lodelmomentoloja.com\/wp-content\/uploads\/2025\/01\/WhatsApp-Image-2025-01-07-at-11.26.36-AM-1024x576.jpeg 1024w, https:\/\/www.lodelmomentoloja.com\/wp-content\/uploads\/2025\/01\/WhatsApp-Image-2025-01-07-at-11.26.36-AM-768x432.jpeg 768w, https:\/\/www.lodelmomentoloja.com\/wp-content\/uploads\/2025\/01\/WhatsApp-Image-2025-01-07-at-11.26.36-AM-640x360.jpeg 640w, https:\/\/www.lodelmomentoloja.com\/wp-content\/uploads\/2025\/01\/WhatsApp-Image-2025-01-07-at-11.26.36-AM-1536x864.jpeg 1536w, https:\/\/www.lodelmomentoloja.com\/wp-content\/uploads\/2025\/01\/WhatsApp-Image-2025-01-07-at-11.26.36-AM.jpeg 1600w\" sizes=\"(max-width: 300px) 100vw, 300px\" \/><\/p>\n<p>\ud83c\uddea\ud83c\udde8\ud83d\ude24\ud83d\udde3\ufe0f \u00a1Caso Las Malvinas! Los abogados de los padres de los menores que d3s4p4r3c13r0n en Las Malvinas, al sur de Guayaquil y que luego fueron encontrados sin vida, han presentado una acusaci\u00f3n particular que incluye una reparaci\u00f3n integral, desde disculpas p\u00fablicas hasta indemnizaciones. Por su parte, el ministro de Defensa, Gian Carlo Loffredo ofreci\u00f3 disculpas p\u00fablicas a los familiares.<\/p>\n<p>El Comit\u00e9 Permanente por la Defensa de los Derechos Humanos (CDH) present\u00f3 la acusaci\u00f3n contra los 16 militares procesados por el presunto delito de d3s4p4r1c10n forzada; seg\u00fan los representantes jur\u00eddicos, buscan que los padres de los cuatro menores puedan ser parte activa del proceso penal.<\/p>\n<p>A m\u00e1s de la reparaci\u00f3n integral, los abogados incluyen indemnizaciones econ\u00f3micas y una disculpa p\u00fablica del Comando Conjunto de las Fuerzas Armadas y de la Polic\u00eda Nacional, as\u00ed como la instalaci\u00f3n de una placa conmemorativa en la Base Militar de Taura, cant\u00f3n Naranjal.<\/p>\n<p>Por su parte, este 06 de enero de 2025 mediante una cadena nacional el ministro de Defensa, Gian Carlo Loffredo ofreci\u00f3 disculpas p\u00fablicas a los familiares de los menores de Las Malvinas, seg\u00fan lo dispuso la jueza Tanya Loor Zambrano al acoger una acci\u00f3n de habeas corpus.<\/p>\n<p>No obstante, el ministro tambi\u00e9n cuestion\u00f3 las medidas de la magistrada quien pidi\u00f3 se investigue el caso como d3s4p4r1c10n forzada y con \u201cresponsabilidad del Estado\u201d; Loffredo expres\u00f3 que en esta causa habr\u00eda intereses pol\u00edticos de por medio.<\/p>\n<p>Adem\u00e1s, el funcionario rechaz\u00f3 la participaci\u00f3n de los 16 militares implicados en el caso que pretende involucrar a las Fuerzas Armadas, mientras avanzan las investigaciones, en el transcurso de la semana la justicia determinar\u00e1 la fecha para la reconstrucci\u00f3n de los hechos, una diligencia clave en el proceso judicial.<\/p>\n<p>\ud83d\udcf2\u25b6\ufe0f Ver video completo en Youtube: https:\/\/youtu.be\/dhiEgcM5ohM<\/p>\n<p>\ud83c\udf10\ud83d\udc49 S\u00edguenos en nuestra p\u00e1gina web: www.lodelmomentoloja.com<br \/>\n#LDMnoticias #lodelmomentolojaLDM<\/p>\n","protected":false},"excerpt":{"rendered":"<p>\ud83c\uddea\ud83c\udde8\ud83d\ude24\ud83d\udde3\ufe0f \u00a1Caso Las Malvinas! Los abogados de los padres de los menores que d3s4p4r3c13r0n en&#8230;<\/p>\n","protected":false},"author":1,"featured_media":24130,"comment_status":"open","ping_status":"open","sticky":false,"template":"","format":"standard","meta":{"footnotes":""},"categories":[7,1,4],"tags":[],"class_list":["post-24125","post","type-post","status-publish","format-standard","has-post-thumbnail","hentry","category-ecuador","category-inicio","category-internacional"],"_links":{"self":[{"href":"https:\/\/www.lodelmomentoloja.com\/index.php?rest_route=\/wp\/v2\/posts\/24125"}],"collection":[{"href":"https:\/\/www.lodelmomentoloja.com\/index.php?rest_route=\/wp\/v2\/posts"}],"about":[{"href":"https:\/\/www.lodelmomentoloja.com\/index.php?rest_route=\/wp\/v2\/types\/post"}],"author":[{"embeddable":true,"href":"https:\/\/www.lodelmomentoloja.com\/index.php?rest_route=\/wp\/v2\/users\/1"}],"replies":[{"embeddable":true,"href":"https:\/\/www.lodelmomentoloja.com\/index.php?rest_route=%2Fwp%2Fv2%2Fcomments&post=24125"}],"version-history":[{"count":3,"href":"https:\/\/www.lodelmomentoloja.com\/index.php?rest_route=\/wp\/v2\/posts\/24125\/revisions"}],"predecessor-version":[{"id":24128,"href":"https:\/\/www.lodelmomentoloja.com\/index.php?rest_route=\/wp\/v2\/posts\/24125\/revisions\/24128"}],"wp:featuredmedia":[{"embeddable":true,"href":"https:\/\/www.lodelmomentoloja.com\/index.php?rest_route=\/wp\/v2\/media\/24130"}],"wp:attachment":[{"href":"https:\/\/www.lodelmomentoloja.com\/index.php?rest_route=%2Fwp%2Fv2%2Fmedia&parent=24125"}],"wp:term":[{"taxonomy":"category","embeddable":true,"href":"https:\/\/www.lodelmomentoloja.com\/index.php?rest_route=%2Fwp%2Fv2%2Fcategories&post=24125"},{"taxonomy":"post_tag","embeddable":true,"href":"https:\/\/www.lodelmomentoloja.com\/index.php?rest_route=%2Fwp%2Fv2%2Ftags&post=24125"}],"curies":[{"name":"wp","href":"https:\/\/api.w.org\/{rel}","templated":true}]}}