{"id":24111,"date":"2025-01-07T08:23:57","date_gmt":"2025-01-07T08:23:57","guid":{"rendered":"https:\/\/www.lodelmomentoloja.com\/?p=24111"},"modified":"2025-01-07T13:24:29","modified_gmt":"2025-01-07T13:24:29","slug":"daniel-noboa-encarga-la-presidencia-a-cynthia-gellibert","status":"publish","type":"post","link":"https:\/\/www.lodelmomentoloja.com\/?p=24111","title":{"rendered":"Daniel Noboa encarga la presidencia a Cynthia Gellibert"},"content":{"rendered":"<p>\ud83d\ude31\ud83d\udcc4\u261d\ud83c\udffb\u00a1Presidenta por decreto! A trav\u00e9s del Decreto Ejecutivo N\u00b0 500, Daniel Noboa, encarga la presidencia de la Rep\u00fablica a la vicepresidenta encargada Cynthia Gellibert, desde el 9 al 12 de enero del 2025, por razones de fuerza mayor. Adem\u00e1s durante la ausencia temporal del mandatario, no utilizar\u00e1 ning\u00fan recurso p\u00fablico, ni recibir\u00e1 remuneraci\u00f3n alguna.<\/p>\n<p><img loading=\"lazy\" decoding=\"async\" class=\"alignnone size-medium wp-image-24112\" src=\"http:\/\/www.lodelmomentoloja.com\/wp-content\/uploads\/2025\/01\/WhatsApp-Image-2025-01-07-at-7.33.48-AM-220x300.jpeg\" alt=\"\" width=\"220\" height=\"300\" srcset=\"https:\/\/www.lodelmomentoloja.com\/wp-content\/uploads\/2025\/01\/WhatsApp-Image-2025-01-07-at-7.33.48-AM-220x300.jpeg 220w, https:\/\/www.lodelmomentoloja.com\/wp-content\/uploads\/2025\/01\/WhatsApp-Image-2025-01-07-at-7.33.48-AM-752x1024.jpeg 752w, https:\/\/www.lodelmomentoloja.com\/wp-content\/uploads\/2025\/01\/WhatsApp-Image-2025-01-07-at-7.33.48-AM-768x1045.jpeg 768w, https:\/\/www.lodelmomentoloja.com\/wp-content\/uploads\/2025\/01\/WhatsApp-Image-2025-01-07-at-7.33.48-AM-640x871.jpeg 640w, https:\/\/www.lodelmomentoloja.com\/wp-content\/uploads\/2025\/01\/WhatsApp-Image-2025-01-07-at-7.33.48-AM-1129x1536.jpeg 1129w, https:\/\/www.lodelmomentoloja.com\/wp-content\/uploads\/2025\/01\/WhatsApp-Image-2025-01-07-at-7.33.48-AM-1024x1394.jpeg 1024w, https:\/\/www.lodelmomentoloja.com\/wp-content\/uploads\/2025\/01\/WhatsApp-Image-2025-01-07-at-7.33.48-AM.jpeg 1144w\" sizes=\"(max-width: 220px) 100vw, 220px\" \/><\/p>\n<p>\ud83c\udf10\ud83d\udc49\ud83c\udffb Noticia completa en: lodelmomentoloja.com<br \/>\n<a class=\"x1i10hfl xjbqb8w x1ejq31n xd10rxx x1sy0etr x17r0tee x972fbf xcfux6l x1qhh985 xm0m39n x9f619 x1ypdohk xt0psk2 xe8uvvx xdj266r x11i5rnm xat24cr x1mh8g0r xexx8yu x4uap5 x18d9i69 xkhd6sd x16tdsg8 x1hl2dhg xggy1nq x1a2a7pz _aa9_ _a6hd\" tabindex=\"0\" role=\"link\" href=\"https:\/\/www.instagram.com\/explore\/tags\/ldmnoticias\/\">#LDMnoticias<\/a>\u00a0<a class=\"x1i10hfl xjbqb8w x1ejq31n xd10rxx x1sy0etr x17r0tee x972fbf xcfux6l x1qhh985 xm0m39n x9f619 x1ypdohk xt0psk2 xe8uvvx xdj266r x11i5rnm xat24cr x1mh8g0r xexx8yu x4uap5 x18d9i69 xkhd6sd x16tdsg8 x1hl2dhg xggy1nq x1a2a7pz _aa9_ _a6hd\" tabindex=\"0\" role=\"link\" href=\"https:\/\/www.instagram.com\/explore\/tags\/lodelmomentolojaldm\/\">#lodelmomentolojaLDM<\/a><\/p>\n","protected":false},"excerpt":{"rendered":"<p>\ud83d\ude31\ud83d\udcc4\u261d\ud83c\udffb\u00a1Presidenta por decreto! A trav\u00e9s del Decreto Ejecutivo N\u00b0 500, Daniel Noboa, encarga la presidencia&#8230;<\/p>\n","protected":false},"author":1,"featured_media":24114,"comment_status":"open","ping_status":"open","sticky":false,"template":"","format":"standard","meta":{"footnotes":""},"categories":[7,1,4],"tags":[],"class_list":["post-24111","post","type-post","status-publish","format-standard","has-post-thumbnail","hentry","category-ecuador","category-inicio","category-internacional"],"_links":{"self":[{"href":"https:\/\/www.lodelmomentoloja.com\/index.php?rest_route=\/wp\/v2\/posts\/24111"}],"collection":[{"href":"https:\/\/www.lodelmomentoloja.com\/index.php?rest_route=\/wp\/v2\/posts"}],"about":[{"href":"https:\/\/www.lodelmomentoloja.com\/index.php?rest_route=\/wp\/v2\/types\/post"}],"author":[{"embeddable":true,"href":"https:\/\/www.lodelmomentoloja.com\/index.php?rest_route=\/wp\/v2\/users\/1"}],"replies":[{"embeddable":true,"href":"https:\/\/www.lodelmomentoloja.com\/index.php?rest_route=%2Fwp%2Fv2%2Fcomments&post=24111"}],"version-history":[{"count":2,"href":"https:\/\/www.lodelmomentoloja.com\/index.php?rest_route=\/wp\/v2\/posts\/24111\/revisions"}],"predecessor-version":[{"id":24115,"href":"https:\/\/www.lodelmomentoloja.com\/index.php?rest_route=\/wp\/v2\/posts\/24111\/revisions\/24115"}],"wp:featuredmedia":[{"embeddable":true,"href":"https:\/\/www.lodelmomentoloja.com\/index.php?rest_route=\/wp\/v2\/media\/24114"}],"wp:attachment":[{"href":"https:\/\/www.lodelmomentoloja.com\/index.php?rest_route=%2Fwp%2Fv2%2Fmedia&parent=24111"}],"wp:term":[{"taxonomy":"category","embeddable":true,"href":"https:\/\/www.lodelmomentoloja.com\/index.php?rest_route=%2Fwp%2Fv2%2Fcategories&post=24111"},{"taxonomy":"post_tag","embeddable":true,"href":"https:\/\/www.lodelmomentoloja.com\/index.php?rest_route=%2Fwp%2Fv2%2Ftags&post=24111"}],"curies":[{"name":"wp","href":"https:\/\/api.w.org\/{rel}","templated":true}]}}