{"id":2411,"date":"2021-02-10T15:00:23","date_gmt":"2021-02-10T15:00:23","guid":{"rendered":"http:\/\/www.lodelmomentoloja.com\/?p=2411"},"modified":"2021-02-10T20:47:56","modified_gmt":"2021-02-10T20:47:56","slug":"feriado-por-carnaval","status":"publish","type":"post","link":"https:\/\/www.lodelmomentoloja.com\/?p=2411","title":{"rendered":"Feriado por Carnaval"},"content":{"rendered":"<p>#Loja | Este asueto por Carnaval se llevar\u00e1 a cabo del 13 al 16 de febrero y no ser\u00e1 cancelado.<\/p>\n<p>Los dos d\u00edas de descanso por Carnaval, que ser\u00edan Lunes 15 y Martes 16 de Febrero est\u00e1n contemplados en la Ley Org\u00e1nica Reformatoria a la Ley Org\u00e1nica del Servicio P\u00fablico y al C\u00f3digo del Trabajo, m\u00e1s conocida como \u2018Ley de Feriados\u2019.<\/p>\n<p>Para el feriado de Carnaval, el COE ratific\u00f3 adem\u00e1s la prohibici\u00f3n de los eventos p\u00fablicos masivos a escala nacional. \u201cSe recuerda que ninguna Intendencia, emitir\u00e1 permiso para el efecto\u201d, indic\u00f3 el organismo.<\/p>\n<p>Adem\u00e1s solicit\u00f3 que los municipios se encarguen de el control del consumo de bebidas alcoh\u00f3licas en el espacio p\u00fablico, durante el feriado de Carnaval.<\/p>\n<p>www.lodelmomentoloja.com<br \/>\n#LDMnoticias #lodelmomentolojaLDM<\/p>\n","protected":false},"excerpt":{"rendered":"<p>#Loja | Este asueto por Carnaval se llevar\u00e1 a cabo del 13 al 16 de&#8230;<\/p>\n","protected":false},"author":1,"featured_media":2412,"comment_status":"open","ping_status":"open","sticky":false,"template":"","format":"standard","meta":{"footnotes":""},"categories":[1],"tags":[],"class_list":["post-2411","post","type-post","status-publish","format-standard","has-post-thumbnail","hentry","category-inicio"],"_links":{"self":[{"href":"https:\/\/www.lodelmomentoloja.com\/index.php?rest_route=\/wp\/v2\/posts\/2411"}],"collection":[{"href":"https:\/\/www.lodelmomentoloja.com\/index.php?rest_route=\/wp\/v2\/posts"}],"about":[{"href":"https:\/\/www.lodelmomentoloja.com\/index.php?rest_route=\/wp\/v2\/types\/post"}],"author":[{"embeddable":true,"href":"https:\/\/www.lodelmomentoloja.com\/index.php?rest_route=\/wp\/v2\/users\/1"}],"replies":[{"embeddable":true,"href":"https:\/\/www.lodelmomentoloja.com\/index.php?rest_route=%2Fwp%2Fv2%2Fcomments&post=2411"}],"version-history":[{"count":1,"href":"https:\/\/www.lodelmomentoloja.com\/index.php?rest_route=\/wp\/v2\/posts\/2411\/revisions"}],"predecessor-version":[{"id":2413,"href":"https:\/\/www.lodelmomentoloja.com\/index.php?rest_route=\/wp\/v2\/posts\/2411\/revisions\/2413"}],"wp:featuredmedia":[{"embeddable":true,"href":"https:\/\/www.lodelmomentoloja.com\/index.php?rest_route=\/wp\/v2\/media\/2412"}],"wp:attachment":[{"href":"https:\/\/www.lodelmomentoloja.com\/index.php?rest_route=%2Fwp%2Fv2%2Fmedia&parent=2411"}],"wp:term":[{"taxonomy":"category","embeddable":true,"href":"https:\/\/www.lodelmomentoloja.com\/index.php?rest_route=%2Fwp%2Fv2%2Fcategories&post=2411"},{"taxonomy":"post_tag","embeddable":true,"href":"https:\/\/www.lodelmomentoloja.com\/index.php?rest_route=%2Fwp%2Fv2%2Ftags&post=2411"}],"curies":[{"name":"wp","href":"https:\/\/api.w.org\/{rel}","templated":true}]}}