{"id":24094,"date":"2025-01-06T21:28:04","date_gmt":"2025-01-06T21:28:04","guid":{"rendered":"https:\/\/www.lodelmomentoloja.com\/?p=24094"},"modified":"2025-01-06T21:28:04","modified_gmt":"2025-01-06T21:28:04","slug":"inicia-la-campana-electoral-rumbo-a-las-elecciones-generales-2025","status":"publish","type":"post","link":"https:\/\/www.lodelmomentoloja.com\/?p=24094","title":{"rendered":"Inicia la campa\u00f1a electoral rumbo a las elecciones generales 2025"},"content":{"rendered":"<p><img loading=\"lazy\" decoding=\"async\" class=\"alignnone size-medium wp-image-24095\" src=\"https:\/\/www.lodelmomentoloja.com\/wp-content\/uploads\/2025\/01\/WhatsApp-Image-2025-01-06-at-11.44.16-AM-300x169.jpeg\" alt=\"\" width=\"300\" height=\"169\" srcset=\"https:\/\/www.lodelmomentoloja.com\/wp-content\/uploads\/2025\/01\/WhatsApp-Image-2025-01-06-at-11.44.16-AM-300x169.jpeg 300w, https:\/\/www.lodelmomentoloja.com\/wp-content\/uploads\/2025\/01\/WhatsApp-Image-2025-01-06-at-11.44.16-AM-1024x576.jpeg 1024w, https:\/\/www.lodelmomentoloja.com\/wp-content\/uploads\/2025\/01\/WhatsApp-Image-2025-01-06-at-11.44.16-AM-768x432.jpeg 768w, https:\/\/www.lodelmomentoloja.com\/wp-content\/uploads\/2025\/01\/WhatsApp-Image-2025-01-06-at-11.44.16-AM-640x360.jpeg 640w, https:\/\/www.lodelmomentoloja.com\/wp-content\/uploads\/2025\/01\/WhatsApp-Image-2025-01-06-at-11.44.16-AM-1536x864.jpeg 1536w, https:\/\/www.lodelmomentoloja.com\/wp-content\/uploads\/2025\/01\/WhatsApp-Image-2025-01-06-at-11.44.16-AM.jpeg 1600w\" sizes=\"(max-width: 300px) 100vw, 300px\" \/><\/p>\n<p>\ud83c\uddea\ud83c\udde8\ud83d\uddf3\ufe0f\ud83d\udde3\ufe0f \u00a1Carrera presidencial! Ecuador se prepara para las elecciones generales del pr\u00f3ximo 09 de febrero, y los candidatos a la Presidencia iniciaron sus campa\u00f1as electorales este domingo 05 de enero \u00bfC\u00f3mo realizaron sus primeras actividades los candidatos?.<\/p>\n<p>&nbsp;<\/p>\n<p>Ecuador se prepara para las elecciones generales del pr\u00f3ximo 09 de febrero, y los candidatos a la Presidencia iniciaron sus campa\u00f1as electorales este domingo 05 de enero.<\/p>\n<p>Confirmando la intenci\u00f3n de no pedir licencia en base al art. 93 del C\u00f3digo de la Democracia, fue como Daniel Noboa lleg\u00f3 a esta nueva contienda electoral. El mandatario se reuni\u00f3 con simpatizantes en la Plaza de la Independencia y, desde all\u00ed se dirigi\u00f3 a la Naci\u00f3n solicitando el respaldo en las urnas.<\/p>\n<p>Al igual que Noboa, los asamble\u00edstas de la bancada de ADN que participar\u00e1n en las elecciones mencionaron que tampoco tomar\u00edan licencia, por lo que no har\u00edan campa\u00f1a electoral.<\/p>\n<p>El acto inaugural de la Revoluci\u00f3n Ciudadana reuni\u00f3 a un conglomerado grupo de personas en el Coliseo de Calder\u00f3n, al norte de Quito, lugar donde a m\u00e1s de criticar las gestiones del presidente present\u00f3 algunos detalles sobre el Plan Genera y el Plan Protege.<\/p>\n<p>Por su parte, el candidato Jimmy Jairala de Centro Democr\u00e1tico, comenz\u00f3 su campa\u00f1a en el sector Pusul\u00ed de la Rold\u00f3s en la ciudad de Quito, donde se reuni\u00f3 con una gran afluencia de simpatizantes.<\/p>\n<p>Otros binomios que tambi\u00e9n iniciaron su carrera presidencial son Francesco Tabacchi de CREO, quien realiz\u00f3 su acto de proselitismo en el Coliseo River Oeste, al suroeste de Guayaquil, presentado propuestas en materia de seguridad y desarrollo econ\u00f3mico. Leonidas Iza, de Pachakutik lo hizo en Latacunga provincia del Cotopaxi, su defensa a los derechos ind\u00edgenas y ambientales fueron su principal enfoque.<\/p>\n<p>Entre tanto, Henry Cucal\u00f3n de Construye anunci\u00f3 el comienzo de la campa\u00f1a electoral mediante un mensaje en redes sociales y recorri\u00f3 diversas calles de Quito, mientras que V\u00edctor Arauz del Movimiento Pueblo, Igualdad y Democracia (PID) cumpli\u00f3 con su agenda en Dur\u00e1n como parte del inicio de su campa\u00f1a.<\/p>\n<p>Adicional a ello, Jorge Escala de Unidad Popular llev\u00f3 a cabo su primer mitin en Pujil\u00ed, a criterio de Escala, con el fin de resaltar la multiculturalidad del pa\u00eds. Por otro lado, Andrea Gonz\u00e1lez Nader de Sociedad Patri\u00f3tica y Carlos Rabascall de Izquierda Democr\u00e1tica se presentaron en programa televisivo acompa\u00f1ados del candidato Jimmy Jairala; un acto similar al de Pedro Granja del Partido Socialista quien mantuvo una entrevista con la periodista Noris Arroyave.<\/p>\n<p>Los candidatos Luis Felipe Tiller\u00eda de Avanza estuvo en Riobamba y anunci\u00f3 recorridos por los cantones Chunchi y Alaus\u00ed. Iv\u00e1n Saquicela de Democracia Si, comparti\u00f3 su inauguraci\u00f3n con los candidatos del movimiento a la Asamblea Nacional y finalmente, el candidato por Suma, Enrique G\u00f3mez lanz\u00f3 su campa\u00f1a en su hotel de Guayaquil.<\/p>\n<p>Ser\u00e1n 33 d\u00edas de campa\u00f1a electoral durante los cuales los candidatos presentar\u00e1n su plan de trabajo que los acerque m\u00e1s al electorado. Adem\u00e1s, podr\u00e1n recorrer el pa\u00eds y realizar eventos proselitistas en b\u00fasqueda del voto.<\/p>\n<p>\ud83d\udcf2\u25b6\ufe0f Ver video completo en Youtube: https:\/\/youtu.be\/isDmAw4N5_Y<\/p>\n<p>\ud83c\udf10\ud83d\udc49 S\u00edguenos en nuestra p\u00e1gina web: www.lodelmomentoloja.com<\/p>\n","protected":false},"excerpt":{"rendered":"<p>\ud83c\uddea\ud83c\udde8\ud83d\uddf3\ufe0f\ud83d\udde3\ufe0f \u00a1Carrera presidencial! Ecuador se prepara para las elecciones generales del pr\u00f3ximo 09 de febrero,&#8230;<\/p>\n","protected":false},"author":1,"featured_media":0,"comment_status":"open","ping_status":"open","sticky":false,"template":"","format":"standard","meta":{"footnotes":""},"categories":[7,1,4],"tags":[],"class_list":["post-24094","post","type-post","status-publish","format-standard","hentry","category-ecuador","category-inicio","category-internacional"],"_links":{"self":[{"href":"https:\/\/www.lodelmomentoloja.com\/index.php?rest_route=\/wp\/v2\/posts\/24094"}],"collection":[{"href":"https:\/\/www.lodelmomentoloja.com\/index.php?rest_route=\/wp\/v2\/posts"}],"about":[{"href":"https:\/\/www.lodelmomentoloja.com\/index.php?rest_route=\/wp\/v2\/types\/post"}],"author":[{"embeddable":true,"href":"https:\/\/www.lodelmomentoloja.com\/index.php?rest_route=\/wp\/v2\/users\/1"}],"replies":[{"embeddable":true,"href":"https:\/\/www.lodelmomentoloja.com\/index.php?rest_route=%2Fwp%2Fv2%2Fcomments&post=24094"}],"version-history":[{"count":1,"href":"https:\/\/www.lodelmomentoloja.com\/index.php?rest_route=\/wp\/v2\/posts\/24094\/revisions"}],"predecessor-version":[{"id":24104,"href":"https:\/\/www.lodelmomentoloja.com\/index.php?rest_route=\/wp\/v2\/posts\/24094\/revisions\/24104"}],"wp:attachment":[{"href":"https:\/\/www.lodelmomentoloja.com\/index.php?rest_route=%2Fwp%2Fv2%2Fmedia&parent=24094"}],"wp:term":[{"taxonomy":"category","embeddable":true,"href":"https:\/\/www.lodelmomentoloja.com\/index.php?rest_route=%2Fwp%2Fv2%2Fcategories&post=24094"},{"taxonomy":"post_tag","embeddable":true,"href":"https:\/\/www.lodelmomentoloja.com\/index.php?rest_route=%2Fwp%2Fv2%2Ftags&post=24094"}],"curies":[{"name":"wp","href":"https:\/\/api.w.org\/{rel}","templated":true}]}}