{"id":24067,"date":"2025-01-03T09:51:55","date_gmt":"2025-01-03T09:51:55","guid":{"rendered":"https:\/\/www.lodelmomentoloja.com\/?p=24067"},"modified":"2025-01-03T14:53:36","modified_gmt":"2025-01-03T14:53:36","slug":"asambleistas-tendran-receso-legislativo-en-enero-2025","status":"publish","type":"post","link":"https:\/\/www.lodelmomentoloja.com\/?p=24067","title":{"rendered":"Asamble\u00edstas tendr\u00e1n receso legislativo en enero 2025."},"content":{"rendered":"<p>\u00a1Est\u00e1 decidido! El 2 de enero de 2025, el Consejo de Administraci\u00f3n Legislativa (CAL), resolvi\u00f3 declarar receso parlamentario desde el d\u00eda 8 hasta el 22 de enero. Adem\u00e1s durante este tiempo se suspender\u00e1n los plazos o t\u00e9rminos de los tr\u00e1mites ordinarios para la aprobaci\u00f3n de leyes, indultos, quejas, denuncias, enmiendas y m\u00e1s.<\/p>\n<p><img loading=\"lazy\" decoding=\"async\" class=\"alignnone size-medium wp-image-24069\" src=\"https:\/\/www.lodelmomentoloja.com\/wp-content\/uploads\/2025\/01\/WhatsApp-Image-2025-01-03-at-9.34.22-AM-300x300.jpeg\" alt=\"\" width=\"300\" height=\"300\" srcset=\"https:\/\/www.lodelmomentoloja.com\/wp-content\/uploads\/2025\/01\/WhatsApp-Image-2025-01-03-at-9.34.22-AM-300x300.jpeg 300w, https:\/\/www.lodelmomentoloja.com\/wp-content\/uploads\/2025\/01\/WhatsApp-Image-2025-01-03-at-9.34.22-AM-1024x1024.jpeg 1024w, https:\/\/www.lodelmomentoloja.com\/wp-content\/uploads\/2025\/01\/WhatsApp-Image-2025-01-03-at-9.34.22-AM-150x150.jpeg 150w, https:\/\/www.lodelmomentoloja.com\/wp-content\/uploads\/2025\/01\/WhatsApp-Image-2025-01-03-at-9.34.22-AM-768x768.jpeg 768w, https:\/\/www.lodelmomentoloja.com\/wp-content\/uploads\/2025\/01\/WhatsApp-Image-2025-01-03-at-9.34.22-AM-640x640.jpeg 640w, https:\/\/www.lodelmomentoloja.com\/wp-content\/uploads\/2025\/01\/WhatsApp-Image-2025-01-03-at-9.34.22-AM.jpeg 1080w\" sizes=\"(max-width: 300px) 100vw, 300px\" \/><\/p>\n<p>\ud83c\udf10\ud83d\udc49\ud83c\udffb Noticia completa en: lodelmomentoloja.com<br \/>\n#LDMnoticias #lodelmomentolojaLDM<\/p>\n","protected":false},"excerpt":{"rendered":"<p>\u00a1Est\u00e1 decidido! El 2 de enero de 2025, el Consejo de Administraci\u00f3n Legislativa (CAL), resolvi\u00f3&#8230;<\/p>\n","protected":false},"author":1,"featured_media":24068,"comment_status":"open","ping_status":"open","sticky":false,"template":"","format":"standard","meta":{"footnotes":""},"categories":[7,1,5],"tags":[],"class_list":["post-24067","post","type-post","status-publish","format-standard","has-post-thumbnail","hentry","category-ecuador","category-inicio","category-loja"],"_links":{"self":[{"href":"https:\/\/www.lodelmomentoloja.com\/index.php?rest_route=\/wp\/v2\/posts\/24067"}],"collection":[{"href":"https:\/\/www.lodelmomentoloja.com\/index.php?rest_route=\/wp\/v2\/posts"}],"about":[{"href":"https:\/\/www.lodelmomentoloja.com\/index.php?rest_route=\/wp\/v2\/types\/post"}],"author":[{"embeddable":true,"href":"https:\/\/www.lodelmomentoloja.com\/index.php?rest_route=\/wp\/v2\/users\/1"}],"replies":[{"embeddable":true,"href":"https:\/\/www.lodelmomentoloja.com\/index.php?rest_route=%2Fwp%2Fv2%2Fcomments&post=24067"}],"version-history":[{"count":1,"href":"https:\/\/www.lodelmomentoloja.com\/index.php?rest_route=\/wp\/v2\/posts\/24067\/revisions"}],"predecessor-version":[{"id":24070,"href":"https:\/\/www.lodelmomentoloja.com\/index.php?rest_route=\/wp\/v2\/posts\/24067\/revisions\/24070"}],"wp:featuredmedia":[{"embeddable":true,"href":"https:\/\/www.lodelmomentoloja.com\/index.php?rest_route=\/wp\/v2\/media\/24068"}],"wp:attachment":[{"href":"https:\/\/www.lodelmomentoloja.com\/index.php?rest_route=%2Fwp%2Fv2%2Fmedia&parent=24067"}],"wp:term":[{"taxonomy":"category","embeddable":true,"href":"https:\/\/www.lodelmomentoloja.com\/index.php?rest_route=%2Fwp%2Fv2%2Fcategories&post=24067"},{"taxonomy":"post_tag","embeddable":true,"href":"https:\/\/www.lodelmomentoloja.com\/index.php?rest_route=%2Fwp%2Fv2%2Ftags&post=24067"}],"curies":[{"name":"wp","href":"https:\/\/api.w.org\/{rel}","templated":true}]}}