{"id":24057,"date":"2024-12-31T10:46:26","date_gmt":"2024-12-31T10:46:26","guid":{"rendered":"https:\/\/www.lodelmomentoloja.com\/?p=24057"},"modified":"2024-12-31T15:48:58","modified_gmt":"2024-12-31T15:48:58","slug":"maate-establecio-el-area-de-proteccion-hidrica-san-pedro-de-la-bendita-zambi-guayquichuma","status":"publish","type":"post","link":"https:\/\/www.lodelmomentoloja.com\/?p=24057","title":{"rendered":"MAATE estableci\u00f3 el \u00c1rea De Protecci\u00f3n H\u00eddrica San Pedro De La Bendita \u2013 Zambi \u2013 Guayquichuma"},"content":{"rendered":"<p>Esta es la segunda \u00c1rea de Protecci\u00f3n H\u00eddrica establecida en el cant\u00f3n Catamayo, provincia de Loja, a fin de garantizar la conservaci\u00f3n de los bosques, fuentes h\u00eddricas, la vida silvestre y beneficiar a la poblaci\u00f3n en el \u00e1rea de influencia<\/p>\n<p>El Ministerio del Ambiente, Agua y Transici\u00f3n Ecol\u00f3gica (MAATE) oficializ\u00f3 la delimitaci\u00f3n de m\u00e1s de 11.562 hect\u00e1reas de superficie como \u00c1rea de Protecci\u00f3n H\u00eddrica San Pedro de La Bendita \u2013 Zambi \u2013 Guayquichuma, la segunda del cant\u00f3n Catamayo, en la provincia de Loja.<\/p>\n<p>El evento, liderado por la viceministra del Agua, Mar\u00eda Luisa Cruz, se desarroll\u00f3 en el sal\u00f3n auditorio del Gobierno Parroquial de San Pedro de la Bendita, con la presencia de autoridades locales y seccionales, representantes de las juntas de agua de consumo humano, riego y beneficiarios de las tres parroquias.<\/p>\n<p>Con esta declaratoria, m\u00e1s de 3.059 habitantes de la zona de influencia ser\u00e1n beneficiados respecto a soberan\u00eda alimentaria y calidad de l\u00edquido vital para el consumo humano; la nueva \u00c1rea de Protecci\u00f3n H\u00eddrica, por su ubicaci\u00f3n, contribuye con servicios ecosist\u00e9micos que contribuyen al sector productivo en el sur de Ecuador.<\/p>\n<p>Adem\u00e1s, se entregaron 30 autorizaciones de uso y aprovechamiento de agua a las Juntas Administradoras de Agua Potable y Riego, con un caudal autorizado de 172,826 litros por segundo, en beneficio de 2.440 habitantes de la provincia de Loja. Una de estas autorizaciones aportar\u00e1 al proyecto de Agua Potable para la parroquia Fundochamba y barrios aleda\u00f1os del cant\u00f3n Quilanga, que fueron afectados por los incendios forestales.<\/p>\n<p>Asimismo, se entreg\u00f3 la viabilidad t\u00e9cnica de la actualizaci\u00f3n del proyecto \u201cContrataci\u00f3n de los estudios y dise\u00f1os definitivos del Alcantarillado Sanitario y dise\u00f1o definitivo del tratamiento de Aguas Residuales del centro poblado de la parroquia San Pedro de La Bendita, cant\u00f3n Catamayo\u201d.<br \/>\nMart\u00edn Alvarado, presidente del GAD parroquial de San Pedro de La Bendita, manifest\u00f3: \u201cLes agradecemos por hacer realidad la entrega de esta importante declaratoria h\u00eddrica. Esperamos que sea el inicio de m\u00e1s proyectos para nuestras parroquias rurales, en beneficio de nuestras familias y de las futuras generaciones\u201d.<\/p>\n<p>El MAATE, representado por la ministra In\u00e9s Mar\u00eda Manzano, ratifica su compromiso con la gesti\u00f3n eficiente del recurso h\u00eddrico, en beneficio de los ecosistemas, ciudadanos y sectores productivos de Ecuador.<\/p>\n<p>Direcci\u00f3n de Comunicaci\u00f3n Social<br \/>\nS\u00edguenos #LDMnoticias #lodelmomentolojaLDM<\/p>\n","protected":false},"excerpt":{"rendered":"<p>Esta es la segunda \u00c1rea de Protecci\u00f3n H\u00eddrica establecida en el cant\u00f3n Catamayo, provincia de&#8230;<\/p>\n","protected":false},"author":1,"featured_media":24058,"comment_status":"open","ping_status":"open","sticky":false,"template":"","format":"standard","meta":{"footnotes":""},"categories":[7,1],"tags":[],"class_list":["post-24057","post","type-post","status-publish","format-standard","has-post-thumbnail","hentry","category-ecuador","category-inicio"],"_links":{"self":[{"href":"https:\/\/www.lodelmomentoloja.com\/index.php?rest_route=\/wp\/v2\/posts\/24057"}],"collection":[{"href":"https:\/\/www.lodelmomentoloja.com\/index.php?rest_route=\/wp\/v2\/posts"}],"about":[{"href":"https:\/\/www.lodelmomentoloja.com\/index.php?rest_route=\/wp\/v2\/types\/post"}],"author":[{"embeddable":true,"href":"https:\/\/www.lodelmomentoloja.com\/index.php?rest_route=\/wp\/v2\/users\/1"}],"replies":[{"embeddable":true,"href":"https:\/\/www.lodelmomentoloja.com\/index.php?rest_route=%2Fwp%2Fv2%2Fcomments&post=24057"}],"version-history":[{"count":1,"href":"https:\/\/www.lodelmomentoloja.com\/index.php?rest_route=\/wp\/v2\/posts\/24057\/revisions"}],"predecessor-version":[{"id":24059,"href":"https:\/\/www.lodelmomentoloja.com\/index.php?rest_route=\/wp\/v2\/posts\/24057\/revisions\/24059"}],"wp:featuredmedia":[{"embeddable":true,"href":"https:\/\/www.lodelmomentoloja.com\/index.php?rest_route=\/wp\/v2\/media\/24058"}],"wp:attachment":[{"href":"https:\/\/www.lodelmomentoloja.com\/index.php?rest_route=%2Fwp%2Fv2%2Fmedia&parent=24057"}],"wp:term":[{"taxonomy":"category","embeddable":true,"href":"https:\/\/www.lodelmomentoloja.com\/index.php?rest_route=%2Fwp%2Fv2%2Fcategories&post=24057"},{"taxonomy":"post_tag","embeddable":true,"href":"https:\/\/www.lodelmomentoloja.com\/index.php?rest_route=%2Fwp%2Fv2%2Ftags&post=24057"}],"curies":[{"name":"wp","href":"https:\/\/api.w.org\/{rel}","templated":true}]}}