{"id":24037,"date":"2024-12-23T14:52:09","date_gmt":"2024-12-23T14:52:09","guid":{"rendered":"https:\/\/www.lodelmomentoloja.com\/?p=24037"},"modified":"2024-12-23T19:56:09","modified_gmt":"2024-12-23T19:56:09","slug":"tras-su-regreso-a-la-vicepresidencia-veronica-abad-es-enviada-a-turquia","status":"publish","type":"post","link":"https:\/\/www.lodelmomentoloja.com\/?p=24037","title":{"rendered":"Tras su regreso a la vicepresidencia, Ver\u00f3nica Abad es enviada a Turqu\u00eda"},"content":{"rendered":"<p>\ud83d\ude31\ud83d\udeeb\ud83c\uddf9\ud83c\uddf7\u00a1Se va, si o si! Sin intentar apelar la decisi\u00f3n de jueza competente, el presidente Daniel Noboa asign\u00f3 a la Vicepresidenta Ver\u00f3nica Abad mediante decreto 490, como \u00fanica funci\u00f3n, especial y temporal, colaborar con las relaciones econ\u00f3micas del Ecuador con el Gobierno de la Rep\u00fablica de Turqu\u00eda. Enviando gestiones pertinentes del proceso para que este como m\u00e1ximo el 27 de diciembre 2024 ocupando sus funciones, es decir, en 4 d\u00edas.<\/p>\n<p>Por su parte, Abad public\u00f3 en su cuenta de X, que han militarizado la Vicepresidencia para impedir el ingreso a sus funciones.<\/p>\n<p>\ud83c\udf10\ud83d\udc49\ud83c\udffb S\u00edguenos en la web lodelmomentoloja.com<\/p>\n","protected":false},"excerpt":{"rendered":"<p>\ud83d\ude31\ud83d\udeeb\ud83c\uddf9\ud83c\uddf7\u00a1Se va, si o si! Sin intentar apelar la decisi\u00f3n de jueza competente, el presidente&#8230;<\/p>\n","protected":false},"author":1,"featured_media":24038,"comment_status":"open","ping_status":"open","sticky":false,"template":"","format":"standard","meta":{"footnotes":""},"categories":[7,1,4],"tags":[],"class_list":["post-24037","post","type-post","status-publish","format-standard","has-post-thumbnail","hentry","category-ecuador","category-inicio","category-internacional"],"_links":{"self":[{"href":"https:\/\/www.lodelmomentoloja.com\/index.php?rest_route=\/wp\/v2\/posts\/24037"}],"collection":[{"href":"https:\/\/www.lodelmomentoloja.com\/index.php?rest_route=\/wp\/v2\/posts"}],"about":[{"href":"https:\/\/www.lodelmomentoloja.com\/index.php?rest_route=\/wp\/v2\/types\/post"}],"author":[{"embeddable":true,"href":"https:\/\/www.lodelmomentoloja.com\/index.php?rest_route=\/wp\/v2\/users\/1"}],"replies":[{"embeddable":true,"href":"https:\/\/www.lodelmomentoloja.com\/index.php?rest_route=%2Fwp%2Fv2%2Fcomments&post=24037"}],"version-history":[{"count":1,"href":"https:\/\/www.lodelmomentoloja.com\/index.php?rest_route=\/wp\/v2\/posts\/24037\/revisions"}],"predecessor-version":[{"id":24039,"href":"https:\/\/www.lodelmomentoloja.com\/index.php?rest_route=\/wp\/v2\/posts\/24037\/revisions\/24039"}],"wp:featuredmedia":[{"embeddable":true,"href":"https:\/\/www.lodelmomentoloja.com\/index.php?rest_route=\/wp\/v2\/media\/24038"}],"wp:attachment":[{"href":"https:\/\/www.lodelmomentoloja.com\/index.php?rest_route=%2Fwp%2Fv2%2Fmedia&parent=24037"}],"wp:term":[{"taxonomy":"category","embeddable":true,"href":"https:\/\/www.lodelmomentoloja.com\/index.php?rest_route=%2Fwp%2Fv2%2Fcategories&post=24037"},{"taxonomy":"post_tag","embeddable":true,"href":"https:\/\/www.lodelmomentoloja.com\/index.php?rest_route=%2Fwp%2Fv2%2Ftags&post=24037"}],"curies":[{"name":"wp","href":"https:\/\/api.w.org\/{rel}","templated":true}]}}