{"id":2400,"date":"2021-02-10T09:00:32","date_gmt":"2021-02-10T09:00:32","guid":{"rendered":"http:\/\/www.lodelmomentoloja.com\/?p=2400"},"modified":"2021-02-10T16:07:16","modified_gmt":"2021-02-10T16:07:16","slug":"coe-nacional-no-autoriza-clases-presenciales","status":"publish","type":"post","link":"https:\/\/www.lodelmomentoloja.com\/?p=2400","title":{"rendered":"COE Nacional no autoriza clases presenciales"},"content":{"rendered":"<div class=\"kvgmc6g5 cxmmr5t8 oygrvhab hcukyx3x c1et5uql ii04i59q\">\n<div dir=\"auto\"><a class=\"oajrlxb2 g5ia77u1 qu0x051f esr5mh6w e9989ue4 r7d6kgcz rq0escxv nhd2j8a9 nc684nl6 p7hjln8o kvgmc6g5 cxmmr5t8 oygrvhab hcukyx3x jb3vyjys rz4wbd8a qt6c0cv9 a8nywdso i1ao9s8h esuyzwwr f1sip0of lzcic4wl q66pz984 gpro0wi8 b1v8xokw\" tabindex=\"0\" role=\"link\" href=\"https:\/\/www.facebook.com\/hashtag\/loja?__eep__=6&amp;__cft__[0]=AZWmYUd44kvZdGPGlDfGLwa09faVP4mTs09t4UYQqnsHDJ_yN4coQYbibjt-MTTnforXJBGoUaRDr9fv2yQV4xcnYqLIUub76e6cuGogVT9zwgTyooPk2qKvSAxRDYKq82g5XU-mks75zwYc6hBjK_4JCiflGuZe5f1GVvIt2mtLVuOsLrZ3vTfNSdmooaU7Uag&amp;__tn__=*NK-R\">#Loja<\/a> | De acuerdo con la situaci\u00f3n epidemiol\u00f3gica del pa\u00eds se tomar\u00e1 una nueva decisi\u00f3n, se\u00f1al\u00f3 Juan Zapata, presidente del COE Nacional.<\/div>\n<div dir=\"auto\"><\/div>\n<\/div>\n<div class=\"o9v6fnle cxmmr5t8 oygrvhab hcukyx3x c1et5uql ii04i59q\">\n<div dir=\"auto\">\u201cSi es que las condiciones nos permiten iniciar\u00edamos el 28, sino lo tendr\u00edamos que seguir prolongando\u201d, mencion\u00f3 Zapata este martes 9 de febrero del 2021, tras la reuni\u00f3n del COE nacional.<\/div>\n<div dir=\"auto\"><\/div>\n<\/div>\n<div class=\"o9v6fnle cxmmr5t8 oygrvhab hcukyx3x c1et5uql ii04i59q\">\n<div dir=\"auto\">Adem\u00e1s la suspensi\u00f3n de retorno a las aulas, precis\u00f3 Zapata, se mantiene solo en las zonas urbanas. \u201cEn el \u00e1rea rural, porque las condiciones son diferentes, hemos encargado al Ministerio de Educaci\u00f3n que de acuerdo a los an\u00e1lisis y a las pol\u00edticas dadas por el COE Nacional vaya aperturando de a poco\u201d.<\/div>\n<\/div>\n","protected":false},"excerpt":{"rendered":"<p>#Loja | De acuerdo con la situaci\u00f3n epidemiol\u00f3gica del pa\u00eds se tomar\u00e1 una nueva decisi\u00f3n,&#8230;<\/p>\n","protected":false},"author":1,"featured_media":2401,"comment_status":"open","ping_status":"open","sticky":false,"template":"","format":"standard","meta":{"footnotes":""},"categories":[1],"tags":[],"class_list":["post-2400","post","type-post","status-publish","format-standard","has-post-thumbnail","hentry","category-inicio"],"_links":{"self":[{"href":"https:\/\/www.lodelmomentoloja.com\/index.php?rest_route=\/wp\/v2\/posts\/2400"}],"collection":[{"href":"https:\/\/www.lodelmomentoloja.com\/index.php?rest_route=\/wp\/v2\/posts"}],"about":[{"href":"https:\/\/www.lodelmomentoloja.com\/index.php?rest_route=\/wp\/v2\/types\/post"}],"author":[{"embeddable":true,"href":"https:\/\/www.lodelmomentoloja.com\/index.php?rest_route=\/wp\/v2\/users\/1"}],"replies":[{"embeddable":true,"href":"https:\/\/www.lodelmomentoloja.com\/index.php?rest_route=%2Fwp%2Fv2%2Fcomments&post=2400"}],"version-history":[{"count":1,"href":"https:\/\/www.lodelmomentoloja.com\/index.php?rest_route=\/wp\/v2\/posts\/2400\/revisions"}],"predecessor-version":[{"id":2402,"href":"https:\/\/www.lodelmomentoloja.com\/index.php?rest_route=\/wp\/v2\/posts\/2400\/revisions\/2402"}],"wp:featuredmedia":[{"embeddable":true,"href":"https:\/\/www.lodelmomentoloja.com\/index.php?rest_route=\/wp\/v2\/media\/2401"}],"wp:attachment":[{"href":"https:\/\/www.lodelmomentoloja.com\/index.php?rest_route=%2Fwp%2Fv2%2Fmedia&parent=2400"}],"wp:term":[{"taxonomy":"category","embeddable":true,"href":"https:\/\/www.lodelmomentoloja.com\/index.php?rest_route=%2Fwp%2Fv2%2Fcategories&post=2400"},{"taxonomy":"post_tag","embeddable":true,"href":"https:\/\/www.lodelmomentoloja.com\/index.php?rest_route=%2Fwp%2Fv2%2Ftags&post=2400"}],"curies":[{"name":"wp","href":"https:\/\/api.w.org\/{rel}","templated":true}]}}