{"id":2397,"date":"2021-02-09T16:00:41","date_gmt":"2021-02-09T16:00:41","guid":{"rendered":"http:\/\/www.lodelmomentoloja.com\/?p=2397"},"modified":"2021-02-09T21:09:05","modified_gmt":"2021-02-09T21:09:05","slug":"segundo-lote-de-vacunas-de-pfizer-llegaran-a-ecuador","status":"publish","type":"post","link":"https:\/\/www.lodelmomentoloja.com\/?p=2397","title":{"rendered":"Segundo lote de vacunas de Pfizer llegar\u00e1n a Ecuador."},"content":{"rendered":"<div class=\"\" data-block=\"true\" data-editor=\"3qrgu\" data-offset-key=\"9c659-0-0\">\n<div class=\"_1mf _1mj cc_cursor\" data-offset-key=\"9c659-0-0\"><span class=\"diy96o5h\" spellcheck=\"false\" data-offset-key=\"9c659-0-0\"><span data-offset-key=\"9c659-0-0\">#Nacional<\/span><\/span><span data-offset-key=\"9c659-1-0\"> | 16.300 vacunas llegar\u00e1n al pa\u00eds.<\/span><\/div>\n<\/div>\n<div class=\"\" data-block=\"true\" data-editor=\"3qrgu\" data-offset-key=\"b8atq-0-0\">\n<div class=\"_1mf _1mj\" data-offset-key=\"b8atq-0-0\"><span data-offset-key=\"b8atq-0-0\">\u00a0<\/span><\/div>\n<\/div>\n<div class=\"\" data-block=\"true\" data-editor=\"3qrgu\" data-offset-key=\"csejp-0-0\">\n<div class=\"_1mf _1mj\" data-offset-key=\"csejp-0-0\"><span data-offset-key=\"csejp-0-0\">El Comit\u00e9 de Transparencia, creado por el presidente de la Rep\u00fablica Len\u00edn Moreno para vigilar el plan piloto de vacunaci\u00f3n contra el Covid-19, anunci\u00f3, el martes 9 de febrero, que el 18 de febrero llegar\u00e1n al pa\u00eds 16.300 dosis de la vacuna Pfizer para ser aplicadas en el personal m\u00e9dico de primera l\u00ednea.<\/span><\/div>\n<\/div>\n<div class=\"\" data-block=\"true\" data-editor=\"3qrgu\" data-offset-key=\"fg3nl-0-0\">\n<div class=\"_1mf _1mj\" data-offset-key=\"fg3nl-0-0\"><span data-offset-key=\"fg3nl-0-0\">\u00a0<\/span><\/div>\n<\/div>\n<div class=\"\" data-block=\"true\" data-editor=\"3qrgu\" data-offset-key=\"5jh07-0-0\">\n<div class=\"_1mf _1mj\" data-offset-key=\"5jh07-0-0\"><span data-offset-key=\"5jh07-0-0\">Las 16.300 dosis se suman a las 1.700 que actualmente tiene el Ministerio de Salud, \u201cse garantiza que todas las personas que son parte de la fase 0 reciban las dos dosis\u201d, agreg\u00f3 Caros Ortega, otro de integrante del Comit\u00e9.<\/span><\/div>\n<\/div>\n<div class=\"\" data-block=\"true\" data-editor=\"3qrgu\" data-offset-key=\"f0b6n-0-0\"><\/div>\n<div class=\"\" data-block=\"true\" data-editor=\"3qrgu\" data-offset-key=\"5ajhi-0-0\">\n<div class=\"_1mf _1mj\" data-offset-key=\"5ajhi-0-0\"><\/div>\n<\/div>\n","protected":false},"excerpt":{"rendered":"<p>#Nacional | 16.300 vacunas llegar\u00e1n al pa\u00eds. \u00a0 El Comit\u00e9 de Transparencia, creado por el&#8230;<\/p>\n","protected":false},"author":1,"featured_media":2398,"comment_status":"open","ping_status":"open","sticky":false,"template":"","format":"standard","meta":{"footnotes":""},"categories":[1],"tags":[],"class_list":["post-2397","post","type-post","status-publish","format-standard","has-post-thumbnail","hentry","category-inicio"],"_links":{"self":[{"href":"https:\/\/www.lodelmomentoloja.com\/index.php?rest_route=\/wp\/v2\/posts\/2397"}],"collection":[{"href":"https:\/\/www.lodelmomentoloja.com\/index.php?rest_route=\/wp\/v2\/posts"}],"about":[{"href":"https:\/\/www.lodelmomentoloja.com\/index.php?rest_route=\/wp\/v2\/types\/post"}],"author":[{"embeddable":true,"href":"https:\/\/www.lodelmomentoloja.com\/index.php?rest_route=\/wp\/v2\/users\/1"}],"replies":[{"embeddable":true,"href":"https:\/\/www.lodelmomentoloja.com\/index.php?rest_route=%2Fwp%2Fv2%2Fcomments&post=2397"}],"version-history":[{"count":1,"href":"https:\/\/www.lodelmomentoloja.com\/index.php?rest_route=\/wp\/v2\/posts\/2397\/revisions"}],"predecessor-version":[{"id":2399,"href":"https:\/\/www.lodelmomentoloja.com\/index.php?rest_route=\/wp\/v2\/posts\/2397\/revisions\/2399"}],"wp:featuredmedia":[{"embeddable":true,"href":"https:\/\/www.lodelmomentoloja.com\/index.php?rest_route=\/wp\/v2\/media\/2398"}],"wp:attachment":[{"href":"https:\/\/www.lodelmomentoloja.com\/index.php?rest_route=%2Fwp%2Fv2%2Fmedia&parent=2397"}],"wp:term":[{"taxonomy":"category","embeddable":true,"href":"https:\/\/www.lodelmomentoloja.com\/index.php?rest_route=%2Fwp%2Fv2%2Fcategories&post=2397"},{"taxonomy":"post_tag","embeddable":true,"href":"https:\/\/www.lodelmomentoloja.com\/index.php?rest_route=%2Fwp%2Fv2%2Ftags&post=2397"}],"curies":[{"name":"wp","href":"https:\/\/api.w.org\/{rel}","templated":true}]}}