{"id":23861,"date":"2024-12-10T08:40:05","date_gmt":"2024-12-10T08:40:05","guid":{"rendered":"https:\/\/www.lodelmomentoloja.com\/?p=23861"},"modified":"2024-12-10T16:43:38","modified_gmt":"2024-12-10T16:43:38","slug":"fin-de-los-apagones-este-20-de-diciembre","status":"publish","type":"post","link":"https:\/\/www.lodelmomentoloja.com\/?p=23861","title":{"rendered":"Fin de los apagones este 20 de diciembre"},"content":{"rendered":"<p>\ud83d\udc4f\ud83c\udffb\ud83d\udca1\ud83e\udd29 \u00a1Le puso fecha! Mediante comunicado de Presidencia de la Rep\u00fablica, Daniel Noboa, ha expuesto que desde el 20 de diciembre ya no habr\u00e1n cortes de luz en el #ecuadorencrisis argumentando, que a m\u00e1s de la instalaci\u00f3n de nuevas centrales, la compra de energ\u00eda a Colombia y las condiciones meteorol\u00f3gicas, har\u00e1n posible que esta fecha se acaben los apagones en el pa\u00eds.<\/p>\n<p><img loading=\"lazy\" decoding=\"async\" class=\"alignnone size-medium wp-image-23862\" src=\"http:\/\/www.lodelmomentoloja.com\/wp-content\/uploads\/2024\/12\/WhatsApp-Image-2024-12-10-at-7.53.13-AM-300x300.jpeg\" alt=\"\" width=\"300\" height=\"300\" srcset=\"https:\/\/www.lodelmomentoloja.com\/wp-content\/uploads\/2024\/12\/WhatsApp-Image-2024-12-10-at-7.53.13-AM-300x300.jpeg 300w, https:\/\/www.lodelmomentoloja.com\/wp-content\/uploads\/2024\/12\/WhatsApp-Image-2024-12-10-at-7.53.13-AM-1024x1024.jpeg 1024w, https:\/\/www.lodelmomentoloja.com\/wp-content\/uploads\/2024\/12\/WhatsApp-Image-2024-12-10-at-7.53.13-AM-150x150.jpeg 150w, https:\/\/www.lodelmomentoloja.com\/wp-content\/uploads\/2024\/12\/WhatsApp-Image-2024-12-10-at-7.53.13-AM-768x768.jpeg 768w, https:\/\/www.lodelmomentoloja.com\/wp-content\/uploads\/2024\/12\/WhatsApp-Image-2024-12-10-at-7.53.13-AM-640x640.jpeg 640w, https:\/\/www.lodelmomentoloja.com\/wp-content\/uploads\/2024\/12\/WhatsApp-Image-2024-12-10-at-7.53.13-AM.jpeg 1080w\" sizes=\"(max-width: 300px) 100vw, 300px\" \/><\/p>\n<p>\ud83c\udf10\ud83d\udc49\ud83c\udffb S\u00edguenos en la web http:\/\/lodelmomentoloja.com<\/p>\n","protected":false},"excerpt":{"rendered":"<p>\ud83d\udc4f\ud83c\udffb\ud83d\udca1\ud83e\udd29 \u00a1Le puso fecha! Mediante comunicado de Presidencia de la Rep\u00fablica, Daniel Noboa, ha expuesto&#8230;<\/p>\n","protected":false},"author":1,"featured_media":23863,"comment_status":"open","ping_status":"open","sticky":false,"template":"","format":"standard","meta":{"footnotes":""},"categories":[7,1],"tags":[],"class_list":["post-23861","post","type-post","status-publish","format-standard","has-post-thumbnail","hentry","category-ecuador","category-inicio"],"_links":{"self":[{"href":"https:\/\/www.lodelmomentoloja.com\/index.php?rest_route=\/wp\/v2\/posts\/23861"}],"collection":[{"href":"https:\/\/www.lodelmomentoloja.com\/index.php?rest_route=\/wp\/v2\/posts"}],"about":[{"href":"https:\/\/www.lodelmomentoloja.com\/index.php?rest_route=\/wp\/v2\/types\/post"}],"author":[{"embeddable":true,"href":"https:\/\/www.lodelmomentoloja.com\/index.php?rest_route=\/wp\/v2\/users\/1"}],"replies":[{"embeddable":true,"href":"https:\/\/www.lodelmomentoloja.com\/index.php?rest_route=%2Fwp%2Fv2%2Fcomments&post=23861"}],"version-history":[{"count":1,"href":"https:\/\/www.lodelmomentoloja.com\/index.php?rest_route=\/wp\/v2\/posts\/23861\/revisions"}],"predecessor-version":[{"id":23864,"href":"https:\/\/www.lodelmomentoloja.com\/index.php?rest_route=\/wp\/v2\/posts\/23861\/revisions\/23864"}],"wp:featuredmedia":[{"embeddable":true,"href":"https:\/\/www.lodelmomentoloja.com\/index.php?rest_route=\/wp\/v2\/media\/23863"}],"wp:attachment":[{"href":"https:\/\/www.lodelmomentoloja.com\/index.php?rest_route=%2Fwp%2Fv2%2Fmedia&parent=23861"}],"wp:term":[{"taxonomy":"category","embeddable":true,"href":"https:\/\/www.lodelmomentoloja.com\/index.php?rest_route=%2Fwp%2Fv2%2Fcategories&post=23861"},{"taxonomy":"post_tag","embeddable":true,"href":"https:\/\/www.lodelmomentoloja.com\/index.php?rest_route=%2Fwp%2Fv2%2Ftags&post=23861"}],"curies":[{"name":"wp","href":"https:\/\/api.w.org\/{rel}","templated":true}]}}