{"id":23832,"date":"2024-12-05T08:13:51","date_gmt":"2024-12-05T08:13:51","guid":{"rendered":"https:\/\/www.lodelmomentoloja.com\/?p=23832"},"modified":"2024-12-05T14:15:24","modified_gmt":"2024-12-05T14:15:24","slug":"cortes-de-energia-se-reduciran-a-3-horas","status":"publish","type":"post","link":"https:\/\/www.lodelmomentoloja.com\/?p=23832","title":{"rendered":"Cortes de energ\u00eda se reducir\u00e1n a 3 horas."},"content":{"rendered":"<p>\ud83d\ude31\ud83d\udd50\u2705 \u00a1Una buena se\u00f1al! El Ministerio de Energ\u00eda y Minas informa que los cortes programados de energ\u00eda, se reducir\u00e1n a tres horas diarias a escala nacional durante la semana del 09 al 15 de diciembre de 2024. Esto gracias al mejoramiento de las condiciones h\u00eddricas en los r\u00edos que abastecen a las hidroel\u00e9ctricas.<\/p>\n<p><img loading=\"lazy\" decoding=\"async\" class=\"alignnone size-medium wp-image-23833\" src=\"http:\/\/www.lodelmomentoloja.com\/wp-content\/uploads\/2024\/12\/WhatsApp-Image-2024-12-05-at-8.11.10-AM-300x300.jpeg\" alt=\"\" width=\"300\" height=\"300\" srcset=\"https:\/\/www.lodelmomentoloja.com\/wp-content\/uploads\/2024\/12\/WhatsApp-Image-2024-12-05-at-8.11.10-AM-300x300.jpeg 300w, https:\/\/www.lodelmomentoloja.com\/wp-content\/uploads\/2024\/12\/WhatsApp-Image-2024-12-05-at-8.11.10-AM-1024x1023.jpeg 1024w, https:\/\/www.lodelmomentoloja.com\/wp-content\/uploads\/2024\/12\/WhatsApp-Image-2024-12-05-at-8.11.10-AM-150x150.jpeg 150w, https:\/\/www.lodelmomentoloja.com\/wp-content\/uploads\/2024\/12\/WhatsApp-Image-2024-12-05-at-8.11.10-AM-768x767.jpeg 768w, https:\/\/www.lodelmomentoloja.com\/wp-content\/uploads\/2024\/12\/WhatsApp-Image-2024-12-05-at-8.11.10-AM-640x639.jpeg 640w, https:\/\/www.lodelmomentoloja.com\/wp-content\/uploads\/2024\/12\/WhatsApp-Image-2024-12-05-at-8.11.10-AM.jpeg 1080w\" sizes=\"(max-width: 300px) 100vw, 300px\" \/><\/p>\n<p>\ud83c\udf10\ud83d\udc49 S\u00edguenos en la web lodelmomentoloja.com<\/p>\n","protected":false},"excerpt":{"rendered":"<p>\ud83d\ude31\ud83d\udd50\u2705 \u00a1Una buena se\u00f1al! El Ministerio de Energ\u00eda y Minas informa que los cortes programados&#8230;<\/p>\n","protected":false},"author":1,"featured_media":23834,"comment_status":"open","ping_status":"open","sticky":false,"template":"","format":"standard","meta":{"footnotes":""},"categories":[7,1],"tags":[],"class_list":["post-23832","post","type-post","status-publish","format-standard","has-post-thumbnail","hentry","category-ecuador","category-inicio"],"_links":{"self":[{"href":"https:\/\/www.lodelmomentoloja.com\/index.php?rest_route=\/wp\/v2\/posts\/23832"}],"collection":[{"href":"https:\/\/www.lodelmomentoloja.com\/index.php?rest_route=\/wp\/v2\/posts"}],"about":[{"href":"https:\/\/www.lodelmomentoloja.com\/index.php?rest_route=\/wp\/v2\/types\/post"}],"author":[{"embeddable":true,"href":"https:\/\/www.lodelmomentoloja.com\/index.php?rest_route=\/wp\/v2\/users\/1"}],"replies":[{"embeddable":true,"href":"https:\/\/www.lodelmomentoloja.com\/index.php?rest_route=%2Fwp%2Fv2%2Fcomments&post=23832"}],"version-history":[{"count":1,"href":"https:\/\/www.lodelmomentoloja.com\/index.php?rest_route=\/wp\/v2\/posts\/23832\/revisions"}],"predecessor-version":[{"id":23835,"href":"https:\/\/www.lodelmomentoloja.com\/index.php?rest_route=\/wp\/v2\/posts\/23832\/revisions\/23835"}],"wp:featuredmedia":[{"embeddable":true,"href":"https:\/\/www.lodelmomentoloja.com\/index.php?rest_route=\/wp\/v2\/media\/23834"}],"wp:attachment":[{"href":"https:\/\/www.lodelmomentoloja.com\/index.php?rest_route=%2Fwp%2Fv2%2Fmedia&parent=23832"}],"wp:term":[{"taxonomy":"category","embeddable":true,"href":"https:\/\/www.lodelmomentoloja.com\/index.php?rest_route=%2Fwp%2Fv2%2Fcategories&post=23832"},{"taxonomy":"post_tag","embeddable":true,"href":"https:\/\/www.lodelmomentoloja.com\/index.php?rest_route=%2Fwp%2Fv2%2Ftags&post=23832"}],"curies":[{"name":"wp","href":"https:\/\/api.w.org\/{rel}","templated":true}]}}