{"id":23779,"date":"2024-12-02T12:01:09","date_gmt":"2024-12-02T12:01:09","guid":{"rendered":"https:\/\/www.lodelmomentoloja.com\/?p=23779"},"modified":"2024-12-02T17:03:55","modified_gmt":"2024-12-02T17:03:55","slug":"polemica-por-show-de-tecnocumbia-en-la-asamblea-nacional","status":"publish","type":"post","link":"https:\/\/www.lodelmomentoloja.com\/?p=23779","title":{"rendered":"Pol\u00e9mica por show de tecnocumbia en la Asamblea Nacional"},"content":{"rendered":"<p>\ud83e\udd73\ud83d\udc40\ud83e\udee3 \u00a1Cambios de \u00faltima hora! La presentaci\u00f3n art\u00edstica de un grupo de tecnocumbia en uno de los salones de la Asamblea Nacional caus\u00f3 controversia en redes sociales; el show musical, organizado por el asamble\u00edsta de ADN, Hern\u00e1n Zapata fue parte del evento de reconocimiento a los maestros artesanos de la rama de belleza, peluquer\u00eda y cosmetolog\u00eda; hecho que gener\u00f3 cr\u00edticas por el uso del espacio legislativo para fines que, algunos, consideran inapropiados.<\/p>\n<div style=\"width: 640px;\" class=\"wp-video\"><!--[if lt IE 9]><script>document.createElement('video');<\/script><![endif]-->\n<video class=\"wp-video-shortcode\" id=\"video-23779-1\" width=\"640\" height=\"360\" preload=\"metadata\" controls=\"controls\"><source type=\"video\/mp4\" src=\"http:\/\/www.lodelmomentoloja.com\/wp-content\/uploads\/2024\/12\/ASAMBLEA-NACIONAL-REDUCIDO.mp4?_=1\" \/><a href=\"http:\/\/www.lodelmomentoloja.com\/wp-content\/uploads\/2024\/12\/ASAMBLEA-NACIONAL-REDUCIDO.mp4\">http:\/\/www.lodelmomentoloja.com\/wp-content\/uploads\/2024\/12\/ASAMBLEA-NACIONAL-REDUCIDO.mp4<\/a><\/video><\/div>\n<p>Por su parte, el secretario general de la Asamblea, Alejandro Mu\u00f1oz, inform\u00f3 que el legislador de la banca oficialista solicit\u00f3 un espacio para el pasado 28 de noviembre a partir de las 15h30, sin embargo, la presentaci\u00f3n del grupo femenino no era parte de la programaci\u00f3n.<\/p>\n<p>No obstante, en horas de la noche la bancada de ADN explic\u00f3 que el objetivo era \u201creconocer y destacar el invaluable aporte de los artesanos\u201d y la presentaci\u00f3n del grupo musical \u201ces una expresi\u00f3n cultural\u201d valorado como parte de las tradiciones, aunque dicha participaci\u00f3n \u201cno estaba contemplada en la agenda inicialmente aprobada\u201d.<\/p>\n<p>Para evitar incidentes futuros se comprometieron a que en las pr\u00f3ximas actividades las agendas ser\u00e1n respetadas, el prop\u00f3sito original de los eventos y orden institucional que la Funci\u00f3n Legislativa representa.<\/p>\n<p>De igual manera, el legislador Hern\u00e1n Zapata, comparti\u00f3 otro comunicado en sus redes sociales, admitiendo su responsabilidad por lo sucedido en el cual pretend\u00eda rendir homenaje a personas destacas.<\/p>\n<p>\u201cLamento la alteraci\u00f3n del g\u00e9nero musical que incluy\u00f3 canciones no previstas y reitero mi compromiso de aprender de esta experiencia y de garantizar que en el futuro las actividades que impulse se desarrollen con respeto\u201d, expresa el documento.<\/p>\n<p>Tras el incidente, el Pleno Legislativo se pronunci\u00f3 mediante un comunicado este 01 de diciembre de 2024, se\u00f1alando que el legislador Zapata no inform\u00f3 sobre la \u201cparticipaci\u00f3n de un grupo de tecnocumbia\u201d, y agreg\u00f3 que \u201cse analizar\u00e1 dicha conducta y se adoptar\u00e1n los correctivos del caso\u201d.<\/p>\n<p>\ud83d\udcf2\u25b6\ufe0f Ver video completo en Youtube: https:\/\/youtu.be\/Eoy3mDjGKJI<\/p>\n<p>\ud83c\udf10\ud83d\udc49 S\u00edguenos en nuestra p\u00e1gina web: www.lodelmomentoloja.com<\/p>\n","protected":false},"excerpt":{"rendered":"<p>\ud83e\udd73\ud83d\udc40\ud83e\udee3 \u00a1Cambios de \u00faltima hora! La presentaci\u00f3n art\u00edstica de un grupo de tecnocumbia en uno&#8230;<\/p>\n","protected":false},"author":1,"featured_media":23780,"comment_status":"open","ping_status":"open","sticky":false,"template":"","format":"standard","meta":{"footnotes":""},"categories":[7,1,5],"tags":[],"class_list":["post-23779","post","type-post","status-publish","format-standard","has-post-thumbnail","hentry","category-ecuador","category-inicio","category-loja"],"_links":{"self":[{"href":"https:\/\/www.lodelmomentoloja.com\/index.php?rest_route=\/wp\/v2\/posts\/23779"}],"collection":[{"href":"https:\/\/www.lodelmomentoloja.com\/index.php?rest_route=\/wp\/v2\/posts"}],"about":[{"href":"https:\/\/www.lodelmomentoloja.com\/index.php?rest_route=\/wp\/v2\/types\/post"}],"author":[{"embeddable":true,"href":"https:\/\/www.lodelmomentoloja.com\/index.php?rest_route=\/wp\/v2\/users\/1"}],"replies":[{"embeddable":true,"href":"https:\/\/www.lodelmomentoloja.com\/index.php?rest_route=%2Fwp%2Fv2%2Fcomments&post=23779"}],"version-history":[{"count":1,"href":"https:\/\/www.lodelmomentoloja.com\/index.php?rest_route=\/wp\/v2\/posts\/23779\/revisions"}],"predecessor-version":[{"id":23782,"href":"https:\/\/www.lodelmomentoloja.com\/index.php?rest_route=\/wp\/v2\/posts\/23779\/revisions\/23782"}],"wp:featuredmedia":[{"embeddable":true,"href":"https:\/\/www.lodelmomentoloja.com\/index.php?rest_route=\/wp\/v2\/media\/23780"}],"wp:attachment":[{"href":"https:\/\/www.lodelmomentoloja.com\/index.php?rest_route=%2Fwp%2Fv2%2Fmedia&parent=23779"}],"wp:term":[{"taxonomy":"category","embeddable":true,"href":"https:\/\/www.lodelmomentoloja.com\/index.php?rest_route=%2Fwp%2Fv2%2Fcategories&post=23779"},{"taxonomy":"post_tag","embeddable":true,"href":"https:\/\/www.lodelmomentoloja.com\/index.php?rest_route=%2Fwp%2Fv2%2Ftags&post=23779"}],"curies":[{"name":"wp","href":"https:\/\/api.w.org\/{rel}","templated":true}]}}