{"id":23769,"date":"2024-12-02T08:31:59","date_gmt":"2024-12-02T08:31:59","guid":{"rendered":"https:\/\/www.lodelmomentoloja.com\/?p=23769"},"modified":"2024-12-02T14:38:24","modified_gmt":"2024-12-02T14:38:24","slug":"anuncian-cortes-de-luz-de-cinco-horas-entre-el-06-y-08-de-diciembre-en-ecuador","status":"publish","type":"post","link":"https:\/\/www.lodelmomentoloja.com\/?p=23769","title":{"rendered":"Anuncian cortes de luz de cinco horas entre el 06 y 08 de diciembre en Ecuador"},"content":{"rendered":"<p>\ud83d\ude31\ud83d\udcc4\ud83d\udca1\u00a1Buenas noticias! El Ministerio de Energ\u00eda y Minas, anunci\u00f3 que entre el 06 y 08 de diciembre, los cortes programados de energ\u00eda el\u00e9ctrica a nivel nacional tendr\u00e1n una duraci\u00f3n de 5 horas diarias. Esto se debe a la producci\u00f3n de la hidroel\u00e9ctrica Coca Codo Sinclair que desde el pasado s\u00e1bado 30 de noviembre, cubri\u00f3 con el 60% de la demanda el\u00e9ctrica del pa\u00eds, gracias a las intensas lluvias registradas en la Amazon\u00eda.<\/p>\n<p><img loading=\"lazy\" decoding=\"async\" class=\"alignnone size-medium wp-image-23771\" src=\"http:\/\/www.lodelmomentoloja.com\/wp-content\/uploads\/2024\/12\/WhatsApp-Image-2024-12-02-at-8.34.33-AM-300x297.jpeg\" alt=\"\" width=\"300\" height=\"297\" srcset=\"https:\/\/www.lodelmomentoloja.com\/wp-content\/uploads\/2024\/12\/WhatsApp-Image-2024-12-02-at-8.34.33-AM-300x297.jpeg 300w, https:\/\/www.lodelmomentoloja.com\/wp-content\/uploads\/2024\/12\/WhatsApp-Image-2024-12-02-at-8.34.33-AM-150x150.jpeg 150w, https:\/\/www.lodelmomentoloja.com\/wp-content\/uploads\/2024\/12\/WhatsApp-Image-2024-12-02-at-8.34.33-AM-768x760.jpeg 768w, https:\/\/www.lodelmomentoloja.com\/wp-content\/uploads\/2024\/12\/WhatsApp-Image-2024-12-02-at-8.34.33-AM-640x634.jpeg 640w, https:\/\/www.lodelmomentoloja.com\/wp-content\/uploads\/2024\/12\/WhatsApp-Image-2024-12-02-at-8.34.33-AM.jpeg 1021w\" sizes=\"(max-width: 300px) 100vw, 300px\" \/><\/p>\n<p>\ud83c\udf10\ud83d\udc49 S\u00edguenos en la web lodelmomentoloja.com<\/p>\n","protected":false},"excerpt":{"rendered":"<p>\ud83d\ude31\ud83d\udcc4\ud83d\udca1\u00a1Buenas noticias! El Ministerio de Energ\u00eda y Minas, anunci\u00f3 que entre el 06 y 08&#8230;<\/p>\n","protected":false},"author":1,"featured_media":23770,"comment_status":"open","ping_status":"open","sticky":false,"template":"","format":"standard","meta":{"footnotes":""},"categories":[7,1,5],"tags":[],"class_list":["post-23769","post","type-post","status-publish","format-standard","has-post-thumbnail","hentry","category-ecuador","category-inicio","category-loja"],"_links":{"self":[{"href":"https:\/\/www.lodelmomentoloja.com\/index.php?rest_route=\/wp\/v2\/posts\/23769"}],"collection":[{"href":"https:\/\/www.lodelmomentoloja.com\/index.php?rest_route=\/wp\/v2\/posts"}],"about":[{"href":"https:\/\/www.lodelmomentoloja.com\/index.php?rest_route=\/wp\/v2\/types\/post"}],"author":[{"embeddable":true,"href":"https:\/\/www.lodelmomentoloja.com\/index.php?rest_route=\/wp\/v2\/users\/1"}],"replies":[{"embeddable":true,"href":"https:\/\/www.lodelmomentoloja.com\/index.php?rest_route=%2Fwp%2Fv2%2Fcomments&post=23769"}],"version-history":[{"count":1,"href":"https:\/\/www.lodelmomentoloja.com\/index.php?rest_route=\/wp\/v2\/posts\/23769\/revisions"}],"predecessor-version":[{"id":23772,"href":"https:\/\/www.lodelmomentoloja.com\/index.php?rest_route=\/wp\/v2\/posts\/23769\/revisions\/23772"}],"wp:featuredmedia":[{"embeddable":true,"href":"https:\/\/www.lodelmomentoloja.com\/index.php?rest_route=\/wp\/v2\/media\/23770"}],"wp:attachment":[{"href":"https:\/\/www.lodelmomentoloja.com\/index.php?rest_route=%2Fwp%2Fv2%2Fmedia&parent=23769"}],"wp:term":[{"taxonomy":"category","embeddable":true,"href":"https:\/\/www.lodelmomentoloja.com\/index.php?rest_route=%2Fwp%2Fv2%2Fcategories&post=23769"},{"taxonomy":"post_tag","embeddable":true,"href":"https:\/\/www.lodelmomentoloja.com\/index.php?rest_route=%2Fwp%2Fv2%2Ftags&post=23769"}],"curies":[{"name":"wp","href":"https:\/\/api.w.org\/{rel}","templated":true}]}}