{"id":23698,"date":"2024-11-26T16:49:47","date_gmt":"2024-11-26T16:49:47","guid":{"rendered":"https:\/\/www.lodelmomentoloja.com\/?p=23698"},"modified":"2024-11-26T21:50:50","modified_gmt":"2024-11-26T21:50:50","slug":"candidatos-a-la-asamblea-nacional-por-la-provincia-de-loja","status":"publish","type":"post","link":"https:\/\/www.lodelmomentoloja.com\/?p=23698","title":{"rendered":"Candidatos a la Asamblea Nacional por la Provincia de Loja"},"content":{"rendered":"<p>\ud83d\uddf3\ufe0f\ud83e\udd14\u2611\ufe0f \u00a1La papeleta 2025! En las elecciones generales los ciudadanos de la provincia de Loja tendr\u00e1n una papeleta con 19 candidatos que aspiran llegar a la Asamblea Nacional, de los cuales solo cuatro cupos estar\u00e1n disponibles para los representantes de la provincia.<\/p>\n<p>\ud83d\udd37 \u00bfQui\u00e9nes nom\u00e1s est\u00e1n?<br \/>\n\ud83d\udd38 Centro Democr\u00e1tico (Julio V.)<br \/>\n\ud83d\udd38 Partido Unidad Popular (Gilbert G.)<br \/>\n\ud83d\udd38 Partido Sociedad Patri\u00f3tica (Luis B.)<br \/>\n\ud83d\udd38 Movimiento Pueblo, Igualdad y Democracia (Vladimir E.)<br \/>\n\ud83d\udd38 Revoluci\u00f3n Ciudadana (Ver\u00f3nica I.)<br \/>\n\ud83d\udd38 Partido Social Cristiano (Jos\u00e9 S.)<br \/>\n\ud83d\udd38 Acci\u00f3n Democr\u00e1tica Nacional (Jorge G.)<br \/>\n\ud83d\udd38 Avanza (Geovani L.)<br \/>\n\ud83d\udd38 Izquierda Democr\u00e1tica (Lucia P.)<br \/>\n\ud83d\udd38 Alianza Juventud y Compromiso (Carlos S.)<br \/>\n\ud83d\udd38 Partido Socialista Ecuatoriano (Pablo S.)<br \/>\n\ud83d\udd38 Movimiento Pachakutik (Jos\u00e9 S.)<br \/>\n\ud83d\udd38 Democracia S\u00cd (Sandra J.)<br \/>\n\ud83d\udd38 SUMA (Rafael D.)<br \/>\n\ud83d\udd38 Movimiento Construye (Vicente F.)<br \/>\n\ud83d\udd38 Movimiento RETO (Jonathan Q.)<br \/>\n\ud83d\udd38 Movimiento ARE (Jos\u00e9 Bol\u00edvar C.)<\/p>\n<p>\ud83c\udf10\ud83d\udc49 S\u00edguenos en la web lodelmomentoloja.com<\/p>\n","protected":false},"excerpt":{"rendered":"<p>\ud83d\uddf3\ufe0f\ud83e\udd14\u2611\ufe0f \u00a1La papeleta 2025! En las elecciones generales los ciudadanos de la provincia de Loja&#8230;<\/p>\n","protected":false},"author":1,"featured_media":23700,"comment_status":"open","ping_status":"open","sticky":false,"template":"","format":"standard","meta":{"footnotes":""},"categories":[7,1,5],"tags":[],"class_list":["post-23698","post","type-post","status-publish","format-standard","has-post-thumbnail","hentry","category-ecuador","category-inicio","category-loja"],"_links":{"self":[{"href":"https:\/\/www.lodelmomentoloja.com\/index.php?rest_route=\/wp\/v2\/posts\/23698"}],"collection":[{"href":"https:\/\/www.lodelmomentoloja.com\/index.php?rest_route=\/wp\/v2\/posts"}],"about":[{"href":"https:\/\/www.lodelmomentoloja.com\/index.php?rest_route=\/wp\/v2\/types\/post"}],"author":[{"embeddable":true,"href":"https:\/\/www.lodelmomentoloja.com\/index.php?rest_route=\/wp\/v2\/users\/1"}],"replies":[{"embeddable":true,"href":"https:\/\/www.lodelmomentoloja.com\/index.php?rest_route=%2Fwp%2Fv2%2Fcomments&post=23698"}],"version-history":[{"count":1,"href":"https:\/\/www.lodelmomentoloja.com\/index.php?rest_route=\/wp\/v2\/posts\/23698\/revisions"}],"predecessor-version":[{"id":23699,"href":"https:\/\/www.lodelmomentoloja.com\/index.php?rest_route=\/wp\/v2\/posts\/23698\/revisions\/23699"}],"wp:featuredmedia":[{"embeddable":true,"href":"https:\/\/www.lodelmomentoloja.com\/index.php?rest_route=\/wp\/v2\/media\/23700"}],"wp:attachment":[{"href":"https:\/\/www.lodelmomentoloja.com\/index.php?rest_route=%2Fwp%2Fv2%2Fmedia&parent=23698"}],"wp:term":[{"taxonomy":"category","embeddable":true,"href":"https:\/\/www.lodelmomentoloja.com\/index.php?rest_route=%2Fwp%2Fv2%2Fcategories&post=23698"},{"taxonomy":"post_tag","embeddable":true,"href":"https:\/\/www.lodelmomentoloja.com\/index.php?rest_route=%2Fwp%2Fv2%2Ftags&post=23698"}],"curies":[{"name":"wp","href":"https:\/\/api.w.org\/{rel}","templated":true}]}}