{"id":23695,"date":"2024-11-26T14:00:34","date_gmt":"2024-11-26T14:00:34","guid":{"rendered":"https:\/\/www.lodelmomentoloja.com\/?p=23695"},"modified":"2024-11-26T19:01:21","modified_gmt":"2024-11-26T19:01:21","slug":"artistas-y-musicos-lojanos-recibiran-reconocimientos-internacionales-en-cuenca","status":"publish","type":"post","link":"https:\/\/www.lodelmomentoloja.com\/?p=23695","title":{"rendered":"Artistas y m\u00fasicos lojanos recibir\u00e1n reconocimientos internacionales en Cuenca"},"content":{"rendered":"<p>\ud83c\uddea\ud83c\udde8\ud83d\udc4f\ud83c\udffb\ud83c\udfc5\u00a1Grandes representantes! El pr\u00f3ximo 29 de noviembre del 2024, en la Atenas del Ecuador (Cuenca), los lojanos Nelson Ort\u00edz, C\u00e9sar Maldonado y la Dra. Carlota Ortega, recibir\u00e1n reconocimientos latinoamericanos y t\u00edtulos honor\u00edficos vitalicios en las diferentes categor\u00edas en la que resultaron oficialmente clasificados y triunfadores en la XIV gala de reconocimientos, mismos que son emitidos por jurado internacional calificador quienes citan los preceptos de UIL UNESCO\/\u00c1msterdam y se basan en las trayectorias que han aportado al alcance de ODS.<\/p>\n<p>\ud83d\udd38Dra. Carlota Ortega: Categor\u00eda &#8216;Destacada gestora comprometida con el civismo en Latinoam\u00e9rica&#8217;.<br \/>\n\ud83d\udd38Suboficial Nelson Ort\u00edz: Categor\u00eda &#8216;Destacado artista comprometido con el civismo y el desarrollo cultural en Latinoam\u00e9rica&#8217;.<br \/>\n\ud83d\udd38M\u00e1ster C\u00e9sar Maldonado: Categor\u00eda &#8216;Destacado artista ecuatoriano comprometido con el desarrollo de la m\u00fasica e interpretaci\u00f3n del piano&#8217;.<\/p>\n<p>Cabe destacad que en este gran evento, estar\u00e1n presentes muchos pa\u00edses invitados entre ellos: M\u00e9xico, Per\u00fa, Ecuador y quienes son parte de las redes de ciudades UIL UNESCO.<\/p>\n<p>\ud83c\udf10\ud83d\udc49 S\u00edguenos en la web lodelmomentoloja.com<\/p>\n","protected":false},"excerpt":{"rendered":"<p>\ud83c\uddea\ud83c\udde8\ud83d\udc4f\ud83c\udffb\ud83c\udfc5\u00a1Grandes representantes! El pr\u00f3ximo 29 de noviembre del 2024, en la Atenas del Ecuador (Cuenca),&#8230;<\/p>\n","protected":false},"author":1,"featured_media":23696,"comment_status":"open","ping_status":"open","sticky":false,"template":"","format":"standard","meta":{"footnotes":""},"categories":[7,1,4,5],"tags":[],"class_list":["post-23695","post","type-post","status-publish","format-standard","has-post-thumbnail","hentry","category-ecuador","category-inicio","category-internacional","category-loja"],"_links":{"self":[{"href":"https:\/\/www.lodelmomentoloja.com\/index.php?rest_route=\/wp\/v2\/posts\/23695"}],"collection":[{"href":"https:\/\/www.lodelmomentoloja.com\/index.php?rest_route=\/wp\/v2\/posts"}],"about":[{"href":"https:\/\/www.lodelmomentoloja.com\/index.php?rest_route=\/wp\/v2\/types\/post"}],"author":[{"embeddable":true,"href":"https:\/\/www.lodelmomentoloja.com\/index.php?rest_route=\/wp\/v2\/users\/1"}],"replies":[{"embeddable":true,"href":"https:\/\/www.lodelmomentoloja.com\/index.php?rest_route=%2Fwp%2Fv2%2Fcomments&post=23695"}],"version-history":[{"count":1,"href":"https:\/\/www.lodelmomentoloja.com\/index.php?rest_route=\/wp\/v2\/posts\/23695\/revisions"}],"predecessor-version":[{"id":23697,"href":"https:\/\/www.lodelmomentoloja.com\/index.php?rest_route=\/wp\/v2\/posts\/23695\/revisions\/23697"}],"wp:featuredmedia":[{"embeddable":true,"href":"https:\/\/www.lodelmomentoloja.com\/index.php?rest_route=\/wp\/v2\/media\/23696"}],"wp:attachment":[{"href":"https:\/\/www.lodelmomentoloja.com\/index.php?rest_route=%2Fwp%2Fv2%2Fmedia&parent=23695"}],"wp:term":[{"taxonomy":"category","embeddable":true,"href":"https:\/\/www.lodelmomentoloja.com\/index.php?rest_route=%2Fwp%2Fv2%2Fcategories&post=23695"},{"taxonomy":"post_tag","embeddable":true,"href":"https:\/\/www.lodelmomentoloja.com\/index.php?rest_route=%2Fwp%2Fv2%2Ftags&post=23695"}],"curies":[{"name":"wp","href":"https:\/\/api.w.org\/{rel}","templated":true}]}}