{"id":2367,"date":"2021-02-08T17:35:18","date_gmt":"2021-02-08T17:35:18","guid":{"rendered":"http:\/\/www.lodelmomentoloja.com\/?p=2367"},"modified":"2021-02-08T22:34:53","modified_gmt":"2021-02-08T22:34:53","slug":"cuarteto-de-nos-denuncia-uso-indebido-de-tema-musical-en-campana-de-yaku-perez","status":"publish","type":"post","link":"https:\/\/www.lodelmomentoloja.com\/?p=2367","title":{"rendered":"Cuarteto de Nos denuncia uso indebido de tema musical en campa\u00f1a de Yaku P\u00e9rez"},"content":{"rendered":"<div class=\"\" data-block=\"true\" data-editor=\"7d9l2\" data-offset-key=\"5d5du-0-0\">\n<div class=\"_1mf _1mj\" data-offset-key=\"5d5du-0-0\"><span class=\"diy96o5h\"><span data-offset-key=\"5d5du-0-0\">#Internacional<\/span><\/span><span data-offset-key=\"5d5du-1-0\"> | Cuarteto de Nos exigi\u00f3 a candidato ecuatoriano que deje de usar el tema \u201cGaucho Power\u201d en su campa\u00f1a.<\/span><\/div>\n<\/div>\n<div class=\"\" data-block=\"true\" data-editor=\"7d9l2\" data-offset-key=\"e4890-0-0\">\n<div class=\"_1mf _1mj\" data-offset-key=\"e4890-0-0\"><span data-offset-key=\"e4890-0-0\">\u00a0<\/span><\/div>\n<\/div>\n<div class=\"\" data-block=\"true\" data-editor=\"7d9l2\" data-offset-key=\"35std-0-0\">\n<div class=\"_1mf _1mj\" data-offset-key=\"35std-0-0\"><span data-offset-key=\"35std-0-0\">El Cuarteto de Nos exigi\u00f3 p\u00fablicamente que el candidato presidencial ecuatoriano Yaku P\u00e9rez deje de usar en su campa\u00f1a electoral la canci\u00f3n \u201cGaucho Power\u201d, editada por la banda uruguaya en su disco Apocalipsis Zombie (2017).<\/span><\/div>\n<\/div>\n<div class=\"\" data-block=\"true\" data-editor=\"7d9l2\" data-offset-key=\"bv35m-0-0\">\n<div class=\"_1mf _1mj\" data-offset-key=\"bv35m-0-0\"><span data-offset-key=\"bv35m-0-0\">\u00a0<\/span><\/div>\n<\/div>\n<div class=\"\" data-block=\"true\" data-editor=\"7d9l2\" data-offset-key=\"fg9jk-0-0\">\n<div class=\"_1mf _1mj\" data-offset-key=\"fg9jk-0-0\"><span data-offset-key=\"fg9jk-0-0\">Mediante la plataforma Instagram, la banda de rock menciona que exigen la baja del uso de nuestra canci\u00f3n Gaucho Power con fines pol\u00edticos, : \u201cSimplemente informar que nos hemos enterado del uso indebido de nuestra canci\u00f3n Gaucho Power en la campa\u00f1a electoral del candidato ecuatoriano Yaku P\u00e9rez y estamos exigiendo la baja de la misma\u201d.<\/span><\/div>\n<\/div>\n<div class=\"\" data-block=\"true\" data-editor=\"7d9l2\" data-offset-key=\"p5l2-0-0\">\n<div class=\"_1mf _1mj\" data-offset-key=\"p5l2-0-0\"><span data-offset-key=\"p5l2-0-0\">\u00a0<\/span><\/div>\n<\/div>\n<div class=\"\" data-block=\"true\" data-editor=\"7d9l2\" data-offset-key=\"1thur-0-0\">\n<div class=\"_1mf _1mj\" data-offset-key=\"1thur-0-0\"><span data-offset-key=\"1thur-0-0\">P\u00e9rez, l\u00edder del Movimiento de Unidad Plurinacional Pachakutik, afirm\u00f3 ayer en su Twitter a \u00faltima hora que hab\u00eda pasado a la segunda vuelta electoral junto a Andr\u00e9s Arauz: \u201cEl sentir popular se debe respetar. Tengan por seguro que vamos a cuidar hasta su \u00faltimo voto. Gracias por su infinito apoyo que nos convirtieron en <\/span><span class=\"diy96o5h\"><span data-offset-key=\"1thur-1-0\">#YakuPower<\/span><\/span><span data-offset-key=\"1thur-2-0\">. \u00a1Estamos en segunda vuelta!\u201d.<\/span><\/div>\n<\/div>\n<div class=\"\" data-block=\"true\" data-editor=\"7d9l2\" data-offset-key=\"e46nl-0-0\">\n<div class=\"_1mf _1mj cc_cursor\" data-offset-key=\"e46nl-0-0\"><span data-offset-key=\"e46nl-0-0\">\u00a0<\/span><\/div>\n<\/div>\n<div class=\"\" data-block=\"true\" data-editor=\"7d9l2\" data-offset-key=\"d413k-0-0\">\n<div class=\"_1mf _1mj\" data-offset-key=\"d413k-0-0\"><span data-offset-key=\"d413k-0-0\">El texto acompa\u00f1a un video en el que se ve a P\u00e9rez reunido con votantes, participando en manifestaciones o realizando siembra, con la canci\u00f3n del Cuarteto de Nos y cambiando la palabra \u201cGaucho\u201d por \u201cYaku\u201d.<\/span><\/div>\n<\/div>\n<div class=\"\" data-block=\"true\" data-editor=\"7d9l2\" data-offset-key=\"6g0je-0-0\">\n<div class=\"_1mf _1mj\" data-offset-key=\"6g0je-0-0\"><span data-offset-key=\"6g0je-0-0\">\u00a0<\/span><\/div>\n<\/div>\n<div class=\"\" data-block=\"true\" data-editor=\"7d9l2\" data-offset-key=\"5ofsr-0-0\">\n<div class=\"_1mf _1mj\" data-offset-key=\"5ofsr-0-0\"><span class=\"py34i1dx\"><span data-offset-key=\"5ofsr-0-0\">www.lodelmomentoloja.com<\/span><\/span><\/div>\n<\/div>\n<div class=\"\" data-block=\"true\" data-editor=\"7d9l2\" data-offset-key=\"7hu1a-0-0\">\n<div class=\"_1mf _1mj\" data-offset-key=\"7hu1a-0-0\"><span class=\"diy96o5h\"><span data-offset-key=\"7hu1a-0-0\">#LDMnoticias<\/span><\/span> <span class=\"diy96o5h\"><span data-offset-key=\"7hu1a-2-0\">#lodelmomentolojaLDM<\/span><\/span><\/div>\n<\/div>\n","protected":false},"excerpt":{"rendered":"<p>#Internacional | Cuarteto de Nos exigi\u00f3 a candidato ecuatoriano que deje de usar el tema&#8230;<\/p>\n","protected":false},"author":1,"featured_media":2368,"comment_status":"open","ping_status":"open","sticky":false,"template":"","format":"standard","meta":{"footnotes":""},"categories":[1],"tags":[],"class_list":["post-2367","post","type-post","status-publish","format-standard","has-post-thumbnail","hentry","category-inicio"],"_links":{"self":[{"href":"https:\/\/www.lodelmomentoloja.com\/index.php?rest_route=\/wp\/v2\/posts\/2367"}],"collection":[{"href":"https:\/\/www.lodelmomentoloja.com\/index.php?rest_route=\/wp\/v2\/posts"}],"about":[{"href":"https:\/\/www.lodelmomentoloja.com\/index.php?rest_route=\/wp\/v2\/types\/post"}],"author":[{"embeddable":true,"href":"https:\/\/www.lodelmomentoloja.com\/index.php?rest_route=\/wp\/v2\/users\/1"}],"replies":[{"embeddable":true,"href":"https:\/\/www.lodelmomentoloja.com\/index.php?rest_route=%2Fwp%2Fv2%2Fcomments&post=2367"}],"version-history":[{"count":2,"href":"https:\/\/www.lodelmomentoloja.com\/index.php?rest_route=\/wp\/v2\/posts\/2367\/revisions"}],"predecessor-version":[{"id":2370,"href":"https:\/\/www.lodelmomentoloja.com\/index.php?rest_route=\/wp\/v2\/posts\/2367\/revisions\/2370"}],"wp:featuredmedia":[{"embeddable":true,"href":"https:\/\/www.lodelmomentoloja.com\/index.php?rest_route=\/wp\/v2\/media\/2368"}],"wp:attachment":[{"href":"https:\/\/www.lodelmomentoloja.com\/index.php?rest_route=%2Fwp%2Fv2%2Fmedia&parent=2367"}],"wp:term":[{"taxonomy":"category","embeddable":true,"href":"https:\/\/www.lodelmomentoloja.com\/index.php?rest_route=%2Fwp%2Fv2%2Fcategories&post=2367"},{"taxonomy":"post_tag","embeddable":true,"href":"https:\/\/www.lodelmomentoloja.com\/index.php?rest_route=%2Fwp%2Fv2%2Ftags&post=2367"}],"curies":[{"name":"wp","href":"https:\/\/api.w.org\/{rel}","templated":true}]}}