{"id":23662,"date":"2024-11-25T12:07:05","date_gmt":"2024-11-25T12:07:05","guid":{"rendered":"https:\/\/www.lodelmomentoloja.com\/?p=23662"},"modified":"2024-11-25T17:47:31","modified_gmt":"2024-11-25T17:47:31","slug":"daniel-noboa-rinde-cuentas-sobre-su-primer-ano-como-presidente-del-ecuador","status":"publish","type":"post","link":"https:\/\/www.lodelmomentoloja.com\/?p=23662","title":{"rendered":"Daniel Noboa rinde cuentas sobre su primer a\u00f1o como presidente del Ecuador"},"content":{"rendered":"<p>\ud83c\uddea\ud83c\udde8\ud83e\udee1\ud83d\udde3\ufe0f \u00a1Primer a\u00f1o de gesti\u00f3n! Daniel Noboa ha cumplido su primer a\u00f1o de gesti\u00f3n, sin embargo, de la gran expectativa con la que lleg\u00f3 a Carondelet no queda mucho. Este domingo, ofreci\u00f3 una cadena nacional en la que enfoc\u00f3 su labor al \u00e1mbito de seguridad, econom\u00eda y desarrollo social.<\/p>\n<div style=\"width: 640px;\" class=\"wp-video\"><!--[if lt IE 9]><script>document.createElement('video');<\/script><![endif]-->\n<video class=\"wp-video-shortcode\" id=\"video-23662-1\" width=\"640\" height=\"360\" preload=\"metadata\" controls=\"controls\"><source type=\"video\/mp4\" src=\"http:\/\/www.lodelmomentoloja.com\/wp-content\/uploads\/2024\/11\/PRIMER-ANO-DE-GOBIERNO-DE-DANIEL-NOBOA-REDUCIDO.mp4?_=1\" \/><a href=\"http:\/\/www.lodelmomentoloja.com\/wp-content\/uploads\/2024\/11\/PRIMER-ANO-DE-GOBIERNO-DE-DANIEL-NOBOA-REDUCIDO.mp4\">http:\/\/www.lodelmomentoloja.com\/wp-content\/uploads\/2024\/11\/PRIMER-ANO-DE-GOBIERNO-DE-DANIEL-NOBOA-REDUCIDO.mp4<\/a><\/video><\/div>\n<p>Su primer a\u00f1o lo cumple con una problem\u00e1tica a\u00fan no resuelta en su totalidad, durante su mandato su han registrado 18 muertes violentas diarias, pese a los decretos, estados de excepci\u00f3n y conflicto armado interno para intentar frenar a la delincuencia.<\/p>\n<p>Seg\u00fan los informes del Ministerio del Interior, entre diciembre de 2023 y octubre de 2024, se registraron un total de .6306 muertes violentas en el territorio ecuatoriano; considerando al mes de octubre como uno de los m\u00e1s violentos en lo que va del a\u00f1o, con un total de 679 casos; no obstante, el Gobierno de Noboa no descarta una reducci\u00f3n en la tasa de muertes intensionales.<\/p>\n<p>Tambi\u00e9n resalt\u00f3 el decomiso de 227 toneladas de estupefacientes y el desmantelamiento de m\u00e1s de 30 pistas clandestinas, adem\u00e1s de la construcci\u00f3n del nuevo centro penitenciario como parte de la lucha contra el crimen organizado.<\/p>\n<p>De igual manera, Noboa anunci\u00f3 medidas para mitigar la crisis energ\u00e9tica, como la construcci\u00f3n de un parque geot\u00e9rmico con Jap\u00f3n y proyectos que agregar\u00e1n m\u00e1s de 1,500 MW al sistema el\u00e9ctrico a mediados de 2025, as\u00ed como el pago de planillas de luz a las familias ecuatorianas en los meses de diciembre, enero y febrero, pese a varios han sido los ciudadanos quienes denunciaron un cobro superior a la cuota que habitualmente cancelan.<\/p>\n<p>En el \u00e1mbito de educaci\u00f3n y salud, el primer mandatario record\u00f3 la entrega de 100.000 becas para j\u00f3venes, adem\u00e1s que mencion\u00f3 una reducci\u00f3n de la desnutrici\u00f3n infantil en 5.000 ni\u00f1os con una inversi\u00f3n adicional de USD 40 millones. Adicional a ello, se recalc\u00f3 la entrega de raciones alimenticias a 2,8 millones de estudiantes y la condonaci\u00f3n de deudas a 40.000 agricultores.<\/p>\n<p>\ud83d\udcf2\u25b6\ufe0f Ver video completo en Youtube: https:\/\/youtu.be\/c4jbFo4rgdU<\/p>\n<p>\ud83c\udf10\ud83d\udc49 S\u00edguenos en nuestra p\u00e1gina web: www.lodelmomentoloja.com<\/p>\n","protected":false},"excerpt":{"rendered":"<p>\ud83c\uddea\ud83c\udde8\ud83e\udee1\ud83d\udde3\ufe0f \u00a1Primer a\u00f1o de gesti\u00f3n! Daniel Noboa ha cumplido su primer a\u00f1o de gesti\u00f3n, sin&#8230;<\/p>\n","protected":false},"author":1,"featured_media":23664,"comment_status":"open","ping_status":"open","sticky":false,"template":"","format":"standard","meta":{"footnotes":""},"categories":[7,1],"tags":[],"class_list":["post-23662","post","type-post","status-publish","format-standard","has-post-thumbnail","hentry","category-ecuador","category-inicio"],"_links":{"self":[{"href":"https:\/\/www.lodelmomentoloja.com\/index.php?rest_route=\/wp\/v2\/posts\/23662"}],"collection":[{"href":"https:\/\/www.lodelmomentoloja.com\/index.php?rest_route=\/wp\/v2\/posts"}],"about":[{"href":"https:\/\/www.lodelmomentoloja.com\/index.php?rest_route=\/wp\/v2\/types\/post"}],"author":[{"embeddable":true,"href":"https:\/\/www.lodelmomentoloja.com\/index.php?rest_route=\/wp\/v2\/users\/1"}],"replies":[{"embeddable":true,"href":"https:\/\/www.lodelmomentoloja.com\/index.php?rest_route=%2Fwp%2Fv2%2Fcomments&post=23662"}],"version-history":[{"count":1,"href":"https:\/\/www.lodelmomentoloja.com\/index.php?rest_route=\/wp\/v2\/posts\/23662\/revisions"}],"predecessor-version":[{"id":23665,"href":"https:\/\/www.lodelmomentoloja.com\/index.php?rest_route=\/wp\/v2\/posts\/23662\/revisions\/23665"}],"wp:featuredmedia":[{"embeddable":true,"href":"https:\/\/www.lodelmomentoloja.com\/index.php?rest_route=\/wp\/v2\/media\/23664"}],"wp:attachment":[{"href":"https:\/\/www.lodelmomentoloja.com\/index.php?rest_route=%2Fwp%2Fv2%2Fmedia&parent=23662"}],"wp:term":[{"taxonomy":"category","embeddable":true,"href":"https:\/\/www.lodelmomentoloja.com\/index.php?rest_route=%2Fwp%2Fv2%2Fcategories&post=23662"},{"taxonomy":"post_tag","embeddable":true,"href":"https:\/\/www.lodelmomentoloja.com\/index.php?rest_route=%2Fwp%2Fv2%2Ftags&post=23662"}],"curies":[{"name":"wp","href":"https:\/\/api.w.org\/{rel}","templated":true}]}}