{"id":23656,"date":"2024-11-25T10:26:02","date_gmt":"2024-11-25T10:26:02","guid":{"rendered":"https:\/\/www.lodelmomentoloja.com\/?p=23656"},"modified":"2024-11-25T15:27:09","modified_gmt":"2024-11-25T15:27:09","slug":"arquitectura-lojana-destaca-en-la-bienal-panamericana-de-arquitectura-2024","status":"publish","type":"post","link":"https:\/\/www.lodelmomentoloja.com\/?p=23656","title":{"rendered":"Arquitectura lojana destaca en la Bienal Panamericana de Arquitectura 2024"},"content":{"rendered":"<p>\u00a1Gran logro! El pasado 22 de noviembre, se registr\u00f3 un hecho hist\u00f3rico para la arquitectura lojana, puesto que la denominada &#8216;Capilla de Teja&#8217;, obra de arquitectura ubicada en Taquil (Loja), dise\u00f1ada por los arquitectos Iv\u00e1n Jim\u00e9nez y Freddy Bonilla, se alz\u00f3 como triunfadora en la categor\u00eda &#8216;Arquitectura M\u00ednima&#8217; de la Bienal Panamericana de Arquitectura de Quito 2024, destacando entre 752 proyectos de 22 pa\u00edses inscritos en las diversas categor\u00edas, llevando el nombre de Loja a lo m\u00e1s alto del panorama arquitect\u00f3nico nacional.<\/p>\n<p>Esta obra arquitect\u00f3nica \u00fanica, estuvo en la mira por ser una capilla que usa la teja como material constructivo principal, Seg\u00fan lo mencionado por los arquitectos, su estructura es un verdadero reto y utiliz\u00f3 la minga para llevar adelante su construcci\u00f3n, adaptando al sitio perfectamente.<\/p>\n<p>\ud83c\udf10\ud83d\udc49 S\u00edguenos en la web lodelmomentoloja.com<\/p>\n","protected":false},"excerpt":{"rendered":"<p>\u00a1Gran logro! El pasado 22 de noviembre, se registr\u00f3 un hecho hist\u00f3rico para la arquitectura&#8230;<\/p>\n","protected":false},"author":1,"featured_media":23657,"comment_status":"open","ping_status":"open","sticky":false,"template":"","format":"standard","meta":{"footnotes":""},"categories":[7,1,4,5],"tags":[],"class_list":["post-23656","post","type-post","status-publish","format-standard","has-post-thumbnail","hentry","category-ecuador","category-inicio","category-internacional","category-loja"],"_links":{"self":[{"href":"https:\/\/www.lodelmomentoloja.com\/index.php?rest_route=\/wp\/v2\/posts\/23656"}],"collection":[{"href":"https:\/\/www.lodelmomentoloja.com\/index.php?rest_route=\/wp\/v2\/posts"}],"about":[{"href":"https:\/\/www.lodelmomentoloja.com\/index.php?rest_route=\/wp\/v2\/types\/post"}],"author":[{"embeddable":true,"href":"https:\/\/www.lodelmomentoloja.com\/index.php?rest_route=\/wp\/v2\/users\/1"}],"replies":[{"embeddable":true,"href":"https:\/\/www.lodelmomentoloja.com\/index.php?rest_route=%2Fwp%2Fv2%2Fcomments&post=23656"}],"version-history":[{"count":1,"href":"https:\/\/www.lodelmomentoloja.com\/index.php?rest_route=\/wp\/v2\/posts\/23656\/revisions"}],"predecessor-version":[{"id":23658,"href":"https:\/\/www.lodelmomentoloja.com\/index.php?rest_route=\/wp\/v2\/posts\/23656\/revisions\/23658"}],"wp:featuredmedia":[{"embeddable":true,"href":"https:\/\/www.lodelmomentoloja.com\/index.php?rest_route=\/wp\/v2\/media\/23657"}],"wp:attachment":[{"href":"https:\/\/www.lodelmomentoloja.com\/index.php?rest_route=%2Fwp%2Fv2%2Fmedia&parent=23656"}],"wp:term":[{"taxonomy":"category","embeddable":true,"href":"https:\/\/www.lodelmomentoloja.com\/index.php?rest_route=%2Fwp%2Fv2%2Fcategories&post=23656"},{"taxonomy":"post_tag","embeddable":true,"href":"https:\/\/www.lodelmomentoloja.com\/index.php?rest_route=%2Fwp%2Fv2%2Ftags&post=23656"}],"curies":[{"name":"wp","href":"https:\/\/api.w.org\/{rel}","templated":true}]}}