{"id":23650,"date":"2024-11-25T09:12:27","date_gmt":"2024-11-25T09:12:27","guid":{"rendered":"https:\/\/www.lodelmomentoloja.com\/?p=23650"},"modified":"2024-11-25T14:13:35","modified_gmt":"2024-11-25T14:13:35","slug":"apagones-podrian-continuar-en-diciembre","status":"publish","type":"post","link":"https:\/\/www.lodelmomentoloja.com\/?p=23650","title":{"rendered":"Apagones podr\u00edan continuar en Diciembre"},"content":{"rendered":"<p>\ud83d\ude13\ud83e\udeab\ud83c\udf84\u00a1Por el tiempo! Mientras el pa\u00eds vive m\u00e1s de una docena de cortes de luz al d\u00eda, el Gobierno ha realizado dos rondas de contrataciones para apalear este problema, incluso el presidente anunci\u00f3 que se acabar\u00edan en diciembre los apagones; sin embargo, no es tan f\u00e1cil como un ofrecimiento.<\/p>\n<p>El Gobierno ha realizado dos rondas de contrataciones: la primera se lanz\u00f3 en junio cuando Luque era Ministro (e), de cuatro procesos solo lleg\u00f3 la barcaza, los otros tres tienen problemas y retrasos; la segunda, fue en septiembre, a cargo de CELEC, firm\u00f3 varios contratos pero ninguno se ha publicado en el portal web seg\u00fan el portal Primicias.<\/p>\n<p>En resumen, estas dos rondas de contrataciones podr\u00edan aportar al sistema el\u00e9ctrico unos 873 MW, 241 MW de la primera y 632 MW de la segunda, pero la operaci\u00f3n no seria hasta el 2025, poniendo en riesgo el ofrecimiento del presidente Noboa.<\/p>\n<p>\ud83c\udf10\ud83d\udc49\ud83c\udffb S\u00edguenos en la web lodelmomentoloja.com<\/p>\n","protected":false},"excerpt":{"rendered":"<p>\ud83d\ude13\ud83e\udeab\ud83c\udf84\u00a1Por el tiempo! Mientras el pa\u00eds vive m\u00e1s de una docena de cortes de luz&#8230;<\/p>\n","protected":false},"author":1,"featured_media":23651,"comment_status":"open","ping_status":"open","sticky":false,"template":"","format":"standard","meta":{"footnotes":""},"categories":[7,1,5,6],"tags":[],"class_list":["post-23650","post","type-post","status-publish","format-standard","has-post-thumbnail","hentry","category-ecuador","category-inicio","category-loja","category-zamora"],"_links":{"self":[{"href":"https:\/\/www.lodelmomentoloja.com\/index.php?rest_route=\/wp\/v2\/posts\/23650"}],"collection":[{"href":"https:\/\/www.lodelmomentoloja.com\/index.php?rest_route=\/wp\/v2\/posts"}],"about":[{"href":"https:\/\/www.lodelmomentoloja.com\/index.php?rest_route=\/wp\/v2\/types\/post"}],"author":[{"embeddable":true,"href":"https:\/\/www.lodelmomentoloja.com\/index.php?rest_route=\/wp\/v2\/users\/1"}],"replies":[{"embeddable":true,"href":"https:\/\/www.lodelmomentoloja.com\/index.php?rest_route=%2Fwp%2Fv2%2Fcomments&post=23650"}],"version-history":[{"count":1,"href":"https:\/\/www.lodelmomentoloja.com\/index.php?rest_route=\/wp\/v2\/posts\/23650\/revisions"}],"predecessor-version":[{"id":23652,"href":"https:\/\/www.lodelmomentoloja.com\/index.php?rest_route=\/wp\/v2\/posts\/23650\/revisions\/23652"}],"wp:featuredmedia":[{"embeddable":true,"href":"https:\/\/www.lodelmomentoloja.com\/index.php?rest_route=\/wp\/v2\/media\/23651"}],"wp:attachment":[{"href":"https:\/\/www.lodelmomentoloja.com\/index.php?rest_route=%2Fwp%2Fv2%2Fmedia&parent=23650"}],"wp:term":[{"taxonomy":"category","embeddable":true,"href":"https:\/\/www.lodelmomentoloja.com\/index.php?rest_route=%2Fwp%2Fv2%2Fcategories&post=23650"},{"taxonomy":"post_tag","embeddable":true,"href":"https:\/\/www.lodelmomentoloja.com\/index.php?rest_route=%2Fwp%2Fv2%2Ftags&post=23650"}],"curies":[{"name":"wp","href":"https:\/\/api.w.org\/{rel}","templated":true}]}}