{"id":23621,"date":"2024-11-19T11:16:30","date_gmt":"2024-11-19T11:16:30","guid":{"rendered":"https:\/\/www.lodelmomentoloja.com\/?p=23621"},"modified":"2024-11-19T16:26:45","modified_gmt":"2024-11-19T16:26:45","slug":"nuevas-estrategias-del-actual-gobierno-a-puertas-de-las-elecciones-de-2025","status":"publish","type":"post","link":"https:\/\/www.lodelmomentoloja.com\/?p=23621","title":{"rendered":"\u00bfNuevas estrategias del actual Gobierno a puertas de las elecciones de 2025?"},"content":{"rendered":"<p>\ud83c\uddea\ud83c\udde8\ud83d\ude44\ud83d\udc49 \u00a1Todos contra todos! Un comunicado de Telconet emitido este 18 de noviembre de 2024 advirti\u00f3 que su proveedor de cable submarino para el servicio de Internet, Cabe Andino Corpandino ha recibido una resoluci\u00f3n que le deja sin el t\u00edtulo habilitante para operar; acci\u00f3n que la empresa ha tomado como una medida pol\u00edtica, puesto que, d\u00edas atr\u00e1s el Tribunal Contencioso Electoral (TCE), inhabilit\u00f3 la precandidatura de Jan Topic a la Presidencia de la Rep\u00fablica argumentando que mantiene v\u00ednculos con empresas contratistas del Estado. Sin embargo, el primer mandatario mantiene otros conflictos con la vicepresidenta, Ver\u00f3nica Abad y el alcalde de Guayaquil, Aquiles \u00c1lvarez \u00bfCu\u00e1les son los hechos?<\/p>\n<div style=\"width: 640px;\" class=\"wp-video\"><!--[if lt IE 9]><script>document.createElement('video');<\/script><![endif]-->\n<video class=\"wp-video-shortcode\" id=\"video-23621-1\" width=\"640\" height=\"360\" preload=\"metadata\" controls=\"controls\"><source type=\"video\/mp4\" src=\"http:\/\/www.lodelmomentoloja.com\/wp-content\/uploads\/2024\/11\/INCIDENTES-DE-NOBOA-REDUCIDO.mp4?_=1\" \/><a href=\"http:\/\/www.lodelmomentoloja.com\/wp-content\/uploads\/2024\/11\/INCIDENTES-DE-NOBOA-REDUCIDO.mp4\">http:\/\/www.lodelmomentoloja.com\/wp-content\/uploads\/2024\/11\/INCIDENTES-DE-NOBOA-REDUCIDO.mp4<\/a><\/video><\/div>\n<p>Un comunicado de Telconet emitido este 18 de noviembre de 2024 advirti\u00f3 que su proveedor de cable submarino para el servicio de Internet, Cabe Andino Corpandino ha recibido una resoluci\u00f3n que le deja sin el t\u00edtulo habilitante para operar.<\/p>\n<p>&#8220;El proveedor de Telconet, ha recibido una ileg\u00edtima e ilegal resoluci\u00f3n declarando la extinci\u00f3n del t\u00edtulo habilitante de Registro de Servicios a trav\u00e9s de cable submarino, sin permitirles ejercer el derecho a la defensa&#8221;, inici\u00f3 el pronunciamiento.<\/p>\n<p>A\u00f1ade que &#8220;esta resoluci\u00f3n pone en riesgo el servicio de gran parte del Internet del Ecuador al pedir que, eventualmente, sea administrado por el Estado, quien ninguna experiencia tiene en la operaci\u00f3n de cables submarinos modernos&#8221;.<\/p>\n<p>Para Telconet, esta medida tiene una connotaci\u00f3n pol\u00edtica, puesto que, d\u00edas atr\u00e1s el Tribunal Contencioso Electoral (TCE), inhabilit\u00f3 la precandidatura de Jan Topic a la Presidencia de la Rep\u00fablica argumentando que mantiene v\u00ednculos con empresas contratistas del Estado.<\/p>\n<p>Pero, al parecer, esta no ser\u00eda la primera ocasi\u00f3n en que el Gobierno de Daniel Noboa se ve involucrado en un caso similar, pues recordemos que el primer mandatario ya hab\u00eda denunciado un supuesto comercio irregular de combustible llevando a la clausura de las gasolineras de la empresa Copedesa S.A., las cuales estar\u00edan vinculadas al alcalde de Guayaquil, Alquiles \u00c1lvarez y su familia, mismo que est\u00e1 siendo investigado por la Fiscal\u00eda bajo el nombre de Caso Triple A; sin embargo, hasta la fecha a\u00fan no se realiza la audiencia de formulaci\u00f3n de cargo que ha sido suspendida en dos ocasiones.<\/p>\n<p>No obstante, el evento pol\u00e9mico m\u00e1s reciente apunta a la vicepresidenta Ver\u00f3nica Abad, quien fue suspendida por 5 meses sin remuneraci\u00f3n econ\u00f3mica por un aparente \u201cabandono injustificado del trabajo por tres o m\u00e1s d\u00edas laborales\u201d, seg\u00fan el sumario administrativo emitido por el Ministerio del Trabajo.<\/p>\n<p>A puertas de una campa\u00f1a electoral, el exprecandidato a la Presidencia, Jan Topic agota las \u00faltimas instancias para llegar a los comicios de 2025, pues el 18 de noviembre de 2024, Topic hizo un pedido de acci\u00f3n extraordinaria de protecci\u00f3n a la Corte Constitucional.<\/p>\n<p>\ud83d\udcf2\u25b6\ufe0f Ver video completo en Youtube: https:\/\/youtu.be\/59lVnI2AJog<\/p>\n<p>\ud83c\udf10\ud83d\udc49 S\u00edguenos en nuestra p\u00e1gina web: www.lodelmomentoloja.com<\/p>\n","protected":false},"excerpt":{"rendered":"<p>\ud83c\uddea\ud83c\udde8\ud83d\ude44\ud83d\udc49 \u00a1Todos contra todos! Un comunicado de Telconet emitido este 18 de noviembre de 2024&#8230;<\/p>\n","protected":false},"author":1,"featured_media":23624,"comment_status":"open","ping_status":"open","sticky":false,"template":"","format":"standard","meta":{"footnotes":""},"categories":[7,1],"tags":[],"class_list":["post-23621","post","type-post","status-publish","format-standard","has-post-thumbnail","hentry","category-ecuador","category-inicio"],"_links":{"self":[{"href":"https:\/\/www.lodelmomentoloja.com\/index.php?rest_route=\/wp\/v2\/posts\/23621"}],"collection":[{"href":"https:\/\/www.lodelmomentoloja.com\/index.php?rest_route=\/wp\/v2\/posts"}],"about":[{"href":"https:\/\/www.lodelmomentoloja.com\/index.php?rest_route=\/wp\/v2\/types\/post"}],"author":[{"embeddable":true,"href":"https:\/\/www.lodelmomentoloja.com\/index.php?rest_route=\/wp\/v2\/users\/1"}],"replies":[{"embeddable":true,"href":"https:\/\/www.lodelmomentoloja.com\/index.php?rest_route=%2Fwp%2Fv2%2Fcomments&post=23621"}],"version-history":[{"count":1,"href":"https:\/\/www.lodelmomentoloja.com\/index.php?rest_route=\/wp\/v2\/posts\/23621\/revisions"}],"predecessor-version":[{"id":23625,"href":"https:\/\/www.lodelmomentoloja.com\/index.php?rest_route=\/wp\/v2\/posts\/23621\/revisions\/23625"}],"wp:featuredmedia":[{"embeddable":true,"href":"https:\/\/www.lodelmomentoloja.com\/index.php?rest_route=\/wp\/v2\/media\/23624"}],"wp:attachment":[{"href":"https:\/\/www.lodelmomentoloja.com\/index.php?rest_route=%2Fwp%2Fv2%2Fmedia&parent=23621"}],"wp:term":[{"taxonomy":"category","embeddable":true,"href":"https:\/\/www.lodelmomentoloja.com\/index.php?rest_route=%2Fwp%2Fv2%2Fcategories&post=23621"},{"taxonomy":"post_tag","embeddable":true,"href":"https:\/\/www.lodelmomentoloja.com\/index.php?rest_route=%2Fwp%2Fv2%2Ftags&post=23621"}],"curies":[{"name":"wp","href":"https:\/\/api.w.org\/{rel}","templated":true}]}}