{"id":23588,"date":"2024-11-13T17:54:52","date_gmt":"2024-11-13T17:54:52","guid":{"rendered":"https:\/\/www.lodelmomentoloja.com\/?p=23588"},"modified":"2024-11-13T22:39:59","modified_gmt":"2024-11-13T22:39:59","slug":"quinta-ley-lactancia-aprobada","status":"publish","type":"post","link":"https:\/\/www.lodelmomentoloja.com\/?p=23588","title":{"rendered":"QUINTA LEY LACTANCIA APROBADA"},"content":{"rendered":"<p>Asamblea Nacional aprueba la Ley de Fomento y Protecci\u00f3n de la Lactancia Materna, esencial para el desarrollo infantil.<\/p>\n<p>Quito, Ecuador \u2013 Mi\u00e9rcoles, 13 de noviembre de 2024.<\/p>\n<p>El Pleno de la Asamblea Nacional aprob\u00f3 la Ley Org\u00e1nica de Fomento, Apoyo y Protecci\u00f3n a la Lactancia Materna, normativa clave para garantizar el derecho de las mujeres gestantes, madres lactantes, y de los ni\u00f1os y ni\u00f1as a una nutrici\u00f3n segura, natural y saludable en sus primeros meses de vida.<\/p>\n<p>Esta ley establece disposiciones fundamentales para promover y proteger la lactancia materna, abordando aspectos que van desde el nacimiento y puerperio hasta el cuidado del reci\u00e9n nacido. Adem\u00e1s, refuerza la responsabilidad del Estado de asegurar condiciones adecuadas para la lactancia materna exclusiva durante los primeros seis meses de vida, lo cual es esencial para el crecimiento, desarrollo y bienestar integral de los ni\u00f1os y ni\u00f1as, promoviendo tambi\u00e9n el apego y v\u00ednculo entre madre e hijo.<\/p>\n<p>Entre los aspectos destacados, la ley proh\u00edbe la venta libre de suced\u00e1neos de leche materna, que solo podr\u00e1n comercializarse bajo prescripci\u00f3n m\u00e9dica y deber\u00e1n contar con una etiqueta indestructible que informe adecuadamente sobre su uso. Asimismo, se regula la promoci\u00f3n y donaci\u00f3n de estos productos tanto en el sector p\u00fablico como en el privado, limitando su uso \u00fanicamente a situaciones de emergencia reconocidas por la autoridad competente.<\/p>\n<p>El asamble\u00edsta Jorge Guevara, ponente del informe, enfatiz\u00f3 el papel fundamental de la lactancia materna en el desarrollo infantil y el bienestar general, se\u00f1alando que, a pesar de su importancia, ha sido un derecho hist\u00f3ricamente desatendido en Ecuador. En el debate, la legisladora Ana Herrera subray\u00f3 que la ley busca proteger el derecho de los ni\u00f1os a una alimentaci\u00f3n y desarrollo saludable desde sus primeras etapas de vida. Geovanny Ben\u00edtez destac\u00f3 el valor emocional de la lactancia materna, describi\u00e9ndola como un \u201ccord\u00f3n umbilical\u201d que fortalece la seguridad emocional y el v\u00ednculo madre-hijo.<\/p>\n<p>Por su parte, Humberto Tapia afirm\u00f3 que una salud p\u00fablica s\u00f3lida empieza con una adecuada nutrici\u00f3n desde el vientre materno y contin\u00faa con la lactancia, vital para el bienestar a largo plazo de la sociedad. En tanto, Sof\u00eda S\u00e1nchez destac\u00f3 que el 50 % de los ni\u00f1os menores de seis a\u00f1os no han recibido lactancia materna, una situaci\u00f3n que refleja la alarmante crisis de desnutrici\u00f3n que afecta a m\u00e1s del 30 % de los ni\u00f1os ecuatorianos.<\/p>\n<p>Finalmente, el legislador Camilo Salinas record\u00f3 que Ecuador es signatario de acuerdos internacionales que promueven y protegen la lactancia materna, tanto en el sector p\u00fablico como privado, y resalt\u00f3 la necesidad de alinear las leyes nacionales con estos compromisos globales para garantizar el desarrollo de la ni\u00f1ez ecuatoriana.<\/p>\n","protected":false},"excerpt":{"rendered":"<p>Asamblea Nacional aprueba la Ley de Fomento y Protecci\u00f3n de la Lactancia Materna, esencial para&#8230;<\/p>\n","protected":false},"author":1,"featured_media":23589,"comment_status":"open","ping_status":"open","sticky":false,"template":"","format":"standard","meta":{"footnotes":""},"categories":[7,1,5],"tags":[],"class_list":["post-23588","post","type-post","status-publish","format-standard","has-post-thumbnail","hentry","category-ecuador","category-inicio","category-loja"],"_links":{"self":[{"href":"https:\/\/www.lodelmomentoloja.com\/index.php?rest_route=\/wp\/v2\/posts\/23588"}],"collection":[{"href":"https:\/\/www.lodelmomentoloja.com\/index.php?rest_route=\/wp\/v2\/posts"}],"about":[{"href":"https:\/\/www.lodelmomentoloja.com\/index.php?rest_route=\/wp\/v2\/types\/post"}],"author":[{"embeddable":true,"href":"https:\/\/www.lodelmomentoloja.com\/index.php?rest_route=\/wp\/v2\/users\/1"}],"replies":[{"embeddable":true,"href":"https:\/\/www.lodelmomentoloja.com\/index.php?rest_route=%2Fwp%2Fv2%2Fcomments&post=23588"}],"version-history":[{"count":1,"href":"https:\/\/www.lodelmomentoloja.com\/index.php?rest_route=\/wp\/v2\/posts\/23588\/revisions"}],"predecessor-version":[{"id":23590,"href":"https:\/\/www.lodelmomentoloja.com\/index.php?rest_route=\/wp\/v2\/posts\/23588\/revisions\/23590"}],"wp:featuredmedia":[{"embeddable":true,"href":"https:\/\/www.lodelmomentoloja.com\/index.php?rest_route=\/wp\/v2\/media\/23589"}],"wp:attachment":[{"href":"https:\/\/www.lodelmomentoloja.com\/index.php?rest_route=%2Fwp%2Fv2%2Fmedia&parent=23588"}],"wp:term":[{"taxonomy":"category","embeddable":true,"href":"https:\/\/www.lodelmomentoloja.com\/index.php?rest_route=%2Fwp%2Fv2%2Fcategories&post=23588"},{"taxonomy":"post_tag","embeddable":true,"href":"https:\/\/www.lodelmomentoloja.com\/index.php?rest_route=%2Fwp%2Fv2%2Ftags&post=23588"}],"curies":[{"name":"wp","href":"https:\/\/api.w.org\/{rel}","templated":true}]}}