{"id":23551,"date":"2024-11-12T11:49:17","date_gmt":"2024-11-12T11:49:17","guid":{"rendered":"https:\/\/www.lodelmomentoloja.com\/?p=23551"},"modified":"2024-11-12T16:52:49","modified_gmt":"2024-11-12T16:52:49","slug":"15-f4ll3c1d05-y-14-h3r1d05-deja-el-motin-en-la-penitenciaria-del-litoral","status":"publish","type":"post","link":"https:\/\/www.lodelmomentoloja.com\/?p=23551","title":{"rendered":"15 f4ll3c1d05 y 14 h3r1d05 deja el mot\u00edn en la Penitenciaria del Litoral."},"content":{"rendered":"<p>\ud83d\udea8\ud83d\udc6e\ud83c\udffb\u200d\u2642\ufe0f\ud83d\udde3\ufe0f \u00a1Mot\u00edn en la c4rc3l! Nuevos disturbios se registraron en la Penitenciara del Litoral; al menos 15 personas fallecidas y 14 h3r1d4s es el resultado que dej\u00f3 el mot\u00edn la madrugada del martes 12 de noviembre de 2024, seg\u00fan la confirmaci\u00f3n por el Servicio Nacional de Atenci\u00f3n Integral a Personas Adultas Privadas de Libertad y Adolescentes Infractores (SNAI).<\/p>\n<div style=\"width: 640px;\" class=\"wp-video\"><!--[if lt IE 9]><script>document.createElement('video');<\/script><![endif]-->\n<video class=\"wp-video-shortcode\" id=\"video-23551-1\" width=\"640\" height=\"360\" preload=\"metadata\" controls=\"controls\"><source type=\"video\/mp4\" src=\"http:\/\/www.lodelmomentoloja.com\/wp-content\/uploads\/2024\/11\/PENITENCIARIA-DEL-LITORAL-REDUCIDO.mp4?_=1\" \/><a href=\"http:\/\/www.lodelmomentoloja.com\/wp-content\/uploads\/2024\/11\/PENITENCIARIA-DEL-LITORAL-REDUCIDO.mp4\">http:\/\/www.lodelmomentoloja.com\/wp-content\/uploads\/2024\/11\/PENITENCIARIA-DEL-LITORAL-REDUCIDO.mp4<\/a><\/video><\/div>\n<p>\u201cAnte estos hechos, el Bloque de Seguridad actu\u00f3 de manera inmediata para tomar el control de las instalaciones y activar un operativo de requisa a gran escala, adem\u00e1s, de iniciar las investigaciones correspondientes para esclarecer lo ocurrido\u201d, dice el comunicado de la instituci\u00f3n.<\/p>\n<p>Un informe preliminar de la Polic\u00eda Nacional, indica que los incidentes habr\u00edan ocurrido alrededor de las 03: 45 de la madrugada, se conoce que una posible fuga dentro del centro penitenciario ser\u00eda la causal del nuevo amotinamiento.<\/p>\n<p>La Penitenciar\u00eda del Litoral ha sido el centro de m\u00faltiples incidentes, uno de los m\u00e1s sonados en la fuga de Adolfo Mac\u00edas alias \u201cFito\u201d en enero de 2024, adem\u00e1s que, en el mes de septiembre quien era su directora, Mar\u00eda Daniela Icaza perdi\u00f3 la vida a causa de un atentado del que fue v\u00edctima, pero el m\u00e1s recientes apunta al hallazgo de dos c4d4v3r3s dentro del centro carcelario.<\/p>\n<p>\ud83d\udcf2\u25b6\ufe0f Ver video completo en Youtube: https:\/\/youtu.be\/ct5zk9cqsl4<\/p>\n<p>\ud83c\udf10\ud83d\udc49 S\u00edguenos en nuestra p\u00e1gina web: www.lodelmomentoloja.com<\/p>\n","protected":false},"excerpt":{"rendered":"<p>\ud83d\udea8\ud83d\udc6e\ud83c\udffb\u200d\u2642\ufe0f\ud83d\udde3\ufe0f \u00a1Mot\u00edn en la c4rc3l! Nuevos disturbios se registraron en la Penitenciara del Litoral; al&#8230;<\/p>\n","protected":false},"author":1,"featured_media":23553,"comment_status":"open","ping_status":"open","sticky":false,"template":"","format":"standard","meta":{"footnotes":""},"categories":[7,1],"tags":[],"class_list":["post-23551","post","type-post","status-publish","format-standard","has-post-thumbnail","hentry","category-ecuador","category-inicio"],"_links":{"self":[{"href":"https:\/\/www.lodelmomentoloja.com\/index.php?rest_route=\/wp\/v2\/posts\/23551"}],"collection":[{"href":"https:\/\/www.lodelmomentoloja.com\/index.php?rest_route=\/wp\/v2\/posts"}],"about":[{"href":"https:\/\/www.lodelmomentoloja.com\/index.php?rest_route=\/wp\/v2\/types\/post"}],"author":[{"embeddable":true,"href":"https:\/\/www.lodelmomentoloja.com\/index.php?rest_route=\/wp\/v2\/users\/1"}],"replies":[{"embeddable":true,"href":"https:\/\/www.lodelmomentoloja.com\/index.php?rest_route=%2Fwp%2Fv2%2Fcomments&post=23551"}],"version-history":[{"count":1,"href":"https:\/\/www.lodelmomentoloja.com\/index.php?rest_route=\/wp\/v2\/posts\/23551\/revisions"}],"predecessor-version":[{"id":23554,"href":"https:\/\/www.lodelmomentoloja.com\/index.php?rest_route=\/wp\/v2\/posts\/23551\/revisions\/23554"}],"wp:featuredmedia":[{"embeddable":true,"href":"https:\/\/www.lodelmomentoloja.com\/index.php?rest_route=\/wp\/v2\/media\/23553"}],"wp:attachment":[{"href":"https:\/\/www.lodelmomentoloja.com\/index.php?rest_route=%2Fwp%2Fv2%2Fmedia&parent=23551"}],"wp:term":[{"taxonomy":"category","embeddable":true,"href":"https:\/\/www.lodelmomentoloja.com\/index.php?rest_route=%2Fwp%2Fv2%2Fcategories&post=23551"},{"taxonomy":"post_tag","embeddable":true,"href":"https:\/\/www.lodelmomentoloja.com\/index.php?rest_route=%2Fwp%2Fv2%2Ftags&post=23551"}],"curies":[{"name":"wp","href":"https:\/\/api.w.org\/{rel}","templated":true}]}}