{"id":23518,"date":"2024-11-11T09:57:09","date_gmt":"2024-11-11T09:57:09","guid":{"rendered":"https:\/\/www.lodelmomentoloja.com\/?p=23518"},"modified":"2024-11-11T14:02:11","modified_gmt":"2024-11-11T14:02:11","slug":"nueva-vicepresidenta-encargada-de-ecuador","status":"publish","type":"post","link":"https:\/\/www.lodelmomentoloja.com\/?p=23518","title":{"rendered":"Nueva vicepresidenta encargada de Ecuador"},"content":{"rendered":"<p>\ud83d\ude31\u2640\ufe0f\ud83d\udd04 \u00a1Ya ni amagan! A menos de 24 horas de haberse hecho la notificaci\u00f3n a Ver\u00f3nica Abad que la mantendr\u00eda suspendida con 150 d\u00edas del cargo, el Gobierno Nacional mediante sus redes sociales anuncia que Sariha Moya ser\u00e1 la nueva Vicepresidenta encargada de Daniel Noboa, todo esto a miras de las elecciones donde el presidente deber\u00e1 dejar el cargo para ir al balotaje electoral, algo que le hubiera tocado a la vice Abad.<br \/>\n<img loading=\"lazy\" decoding=\"async\" class=\"alignnone size-medium wp-image-23519\" src=\"http:\/\/www.lodelmomentoloja.com\/wp-content\/uploads\/2024\/11\/466597479_1116661160468497_661303619026039582_n-300x300.jpg\" alt=\"\" width=\"300\" height=\"300\" srcset=\"https:\/\/www.lodelmomentoloja.com\/wp-content\/uploads\/2024\/11\/466597479_1116661160468497_661303619026039582_n-300x300.jpg 300w, https:\/\/www.lodelmomentoloja.com\/wp-content\/uploads\/2024\/11\/466597479_1116661160468497_661303619026039582_n-1024x1024.jpg 1024w, https:\/\/www.lodelmomentoloja.com\/wp-content\/uploads\/2024\/11\/466597479_1116661160468497_661303619026039582_n-150x150.jpg 150w, https:\/\/www.lodelmomentoloja.com\/wp-content\/uploads\/2024\/11\/466597479_1116661160468497_661303619026039582_n-768x768.jpg 768w, https:\/\/www.lodelmomentoloja.com\/wp-content\/uploads\/2024\/11\/466597479_1116661160468497_661303619026039582_n-640x640.jpg 640w, https:\/\/www.lodelmomentoloja.com\/wp-content\/uploads\/2024\/11\/466597479_1116661160468497_661303619026039582_n.jpg 1116w\" sizes=\"(max-width: 300px) 100vw, 300px\" \/><br \/>\nMoya, se desempe\u00f1aba en la Secretar\u00eda Nacional de Planificaci\u00f3n del actual Gobierno.<\/p>\n<p>\ud83c\udf10\ud83d\udc49\ud83c\udffb S\u00edguenos en la web lodelmomentoloja.com<\/p>\n","protected":false},"excerpt":{"rendered":"<p>\ud83d\ude31\u2640\ufe0f\ud83d\udd04 \u00a1Ya ni amagan! A menos de 24 horas de haberse hecho la notificaci\u00f3n a&#8230;<\/p>\n","protected":false},"author":1,"featured_media":23520,"comment_status":"open","ping_status":"open","sticky":false,"template":"","format":"standard","meta":{"footnotes":""},"categories":[7,1],"tags":[],"class_list":["post-23518","post","type-post","status-publish","format-standard","has-post-thumbnail","hentry","category-ecuador","category-inicio"],"_links":{"self":[{"href":"https:\/\/www.lodelmomentoloja.com\/index.php?rest_route=\/wp\/v2\/posts\/23518"}],"collection":[{"href":"https:\/\/www.lodelmomentoloja.com\/index.php?rest_route=\/wp\/v2\/posts"}],"about":[{"href":"https:\/\/www.lodelmomentoloja.com\/index.php?rest_route=\/wp\/v2\/types\/post"}],"author":[{"embeddable":true,"href":"https:\/\/www.lodelmomentoloja.com\/index.php?rest_route=\/wp\/v2\/users\/1"}],"replies":[{"embeddable":true,"href":"https:\/\/www.lodelmomentoloja.com\/index.php?rest_route=%2Fwp%2Fv2%2Fcomments&post=23518"}],"version-history":[{"count":2,"href":"https:\/\/www.lodelmomentoloja.com\/index.php?rest_route=\/wp\/v2\/posts\/23518\/revisions"}],"predecessor-version":[{"id":23522,"href":"https:\/\/www.lodelmomentoloja.com\/index.php?rest_route=\/wp\/v2\/posts\/23518\/revisions\/23522"}],"wp:featuredmedia":[{"embeddable":true,"href":"https:\/\/www.lodelmomentoloja.com\/index.php?rest_route=\/wp\/v2\/media\/23520"}],"wp:attachment":[{"href":"https:\/\/www.lodelmomentoloja.com\/index.php?rest_route=%2Fwp%2Fv2%2Fmedia&parent=23518"}],"wp:term":[{"taxonomy":"category","embeddable":true,"href":"https:\/\/www.lodelmomentoloja.com\/index.php?rest_route=%2Fwp%2Fv2%2Fcategories&post=23518"},{"taxonomy":"post_tag","embeddable":true,"href":"https:\/\/www.lodelmomentoloja.com\/index.php?rest_route=%2Fwp%2Fv2%2Ftags&post=23518"}],"curies":[{"name":"wp","href":"https:\/\/api.w.org\/{rel}","templated":true}]}}