{"id":23485,"date":"2024-11-07T11:14:47","date_gmt":"2024-11-07T11:14:47","guid":{"rendered":"https:\/\/www.lodelmomentoloja.com\/?p=23485"},"modified":"2024-11-07T16:16:38","modified_gmt":"2024-11-07T16:16:38","slug":"aquiles-se-pronuncia-ante-multa-impuesta-por-juez-del-tce","status":"publish","type":"post","link":"https:\/\/www.lodelmomentoloja.com\/?p=23485","title":{"rendered":"Aquiles se pronuncia ante multa impuesta por juez del TCE"},"content":{"rendered":"<p>\u261d\ud83c\udffb\ud83d\udde3\ufe0f\ud83d\udcad\u00a1&#8221;Prefiero que me destituyan&#8221;! El alcalde de Guayaquil, Aquiles Alvarez, se pronunci\u00f3 sobre la multa impuesta por un juez del Tribunal Contencioso Electoral, por llamar &#8220;ni\u00f1a vaga&#8221; a la asamble\u00edsta oficialista Luc\u00eda Jaramillo, en el cual se le impuso una multa econ\u00f3mica de 21 salarios b\u00e1sicos unificados y pedir disculpas a la afectada. El burgomaestre guayaquile\u00f1o mencion\u00f3 a trav\u00e9s de sus redes sociales lo siguiente: &#8220;Jam\u00e1s pedir disculpas por decir la verdad, la vagancia no tiene que ver con g\u00e9nero, m\u00e1s a\u00fan si est\u00e1 sustentado con un informe de Contralor\u00eda donde se sustenta de que jam\u00e1s acud\u00eda a su lugar de trabajo, etc. el que es vago, es vago, sea hombre o mujer&#8221;. Adem\u00e1s se refiri\u00f3 al TCE y a la Asamblea Nacional, ante este suceso.<\/p>\n<p>\ud83c\udf10\ud83d\udc49 S\u00edguenos en nuestra p\u00e1gina web: www.lodelmomentoloja.com<\/p>\n","protected":false},"excerpt":{"rendered":"<p>\u261d\ud83c\udffb\ud83d\udde3\ufe0f\ud83d\udcad\u00a1&#8221;Prefiero que me destituyan&#8221;! El alcalde de Guayaquil, Aquiles Alvarez, se pronunci\u00f3 sobre la multa&#8230;<\/p>\n","protected":false},"author":1,"featured_media":23486,"comment_status":"open","ping_status":"open","sticky":false,"template":"","format":"standard","meta":{"footnotes":""},"categories":[7,1],"tags":[],"class_list":["post-23485","post","type-post","status-publish","format-standard","has-post-thumbnail","hentry","category-ecuador","category-inicio"],"_links":{"self":[{"href":"https:\/\/www.lodelmomentoloja.com\/index.php?rest_route=\/wp\/v2\/posts\/23485"}],"collection":[{"href":"https:\/\/www.lodelmomentoloja.com\/index.php?rest_route=\/wp\/v2\/posts"}],"about":[{"href":"https:\/\/www.lodelmomentoloja.com\/index.php?rest_route=\/wp\/v2\/types\/post"}],"author":[{"embeddable":true,"href":"https:\/\/www.lodelmomentoloja.com\/index.php?rest_route=\/wp\/v2\/users\/1"}],"replies":[{"embeddable":true,"href":"https:\/\/www.lodelmomentoloja.com\/index.php?rest_route=%2Fwp%2Fv2%2Fcomments&post=23485"}],"version-history":[{"count":1,"href":"https:\/\/www.lodelmomentoloja.com\/index.php?rest_route=\/wp\/v2\/posts\/23485\/revisions"}],"predecessor-version":[{"id":23487,"href":"https:\/\/www.lodelmomentoloja.com\/index.php?rest_route=\/wp\/v2\/posts\/23485\/revisions\/23487"}],"wp:featuredmedia":[{"embeddable":true,"href":"https:\/\/www.lodelmomentoloja.com\/index.php?rest_route=\/wp\/v2\/media\/23486"}],"wp:attachment":[{"href":"https:\/\/www.lodelmomentoloja.com\/index.php?rest_route=%2Fwp%2Fv2%2Fmedia&parent=23485"}],"wp:term":[{"taxonomy":"category","embeddable":true,"href":"https:\/\/www.lodelmomentoloja.com\/index.php?rest_route=%2Fwp%2Fv2%2Fcategories&post=23485"},{"taxonomy":"post_tag","embeddable":true,"href":"https:\/\/www.lodelmomentoloja.com\/index.php?rest_route=%2Fwp%2Fv2%2Ftags&post=23485"}],"curies":[{"name":"wp","href":"https:\/\/api.w.org\/{rel}","templated":true}]}}